{"id":1972,"date":"2026-01-05T08:17:32","date_gmt":"2026-01-05T08:17:32","guid":{"rendered":"https:\/\/delego.hu\/?p=1972"},"modified":"2026-01-05T08:17:32","modified_gmt":"2026-01-05T08:17:32","slug":"ime-a-2026-os-munkaszuneti-napok","status":"publish","type":"post","link":"https:\/\/delego.hu\/zh\/ime-a-2026-os-munkaszuneti-napok\/","title":{"rendered":"\u00cdme a 2026-os Munkasz\u00fcneti Napok"},"content":{"rendered":"<p class=\"my-2 [&amp;+p]:mt-4 [&amp;_strong:has(+br)]:inline-block [&amp;_strong:has(+br)]:pb-2\">A 2026 kifejezetten kedvez\u0151 \u00e9v lesz a dolgoz\u00f3k sz\u00e1m\u00e1ra: t\u00f6bb hossz\u00fa h\u00e9tv\u00e9ge, extra pihen\u0151nap \u00e9s kevesebb ledolgozand\u00f3 munkanap seg\u00edti majd a kikapcsol\u00f3d\u00e1st. A j\u00f6v\u0151 \u00e9vi munkasz\u00fcneti napok list\u00e1ja alapj\u00e1n m\u00e1r most \u00e9rdemes megtervezni a nyaral\u00e1sokat \u00e9s szabads\u00e1gokat.<\/p>\n<h2 class=\"mb-2 mt-4 font-display font-semimedium text-base first:mt-0\">Hossz\u00fa h\u00e9tv\u00e9g\u00e9k \u00e9s pihen\u0151napok<\/h2>\n<p class=\"my-2 [&amp;+p]:mt-4 [&amp;_strong:has(+br)]:inline-block [&amp;_strong:has(+br)]:pb-2\">Az \u00e9v r\u00f6gt\u00f6n j\u00f3l indul:\u00a0<strong>janu\u00e1r 1-je<\/strong>, \u00daj\u00e9v,\u00a0<strong>cs\u00fct\u00f6rt\u00f6kre esik<\/strong>, amit\u00a0<strong>janu\u00e1r 2-\u00e1n<\/strong>\u00a0egy hivatalos pihen\u0151nap k\u00f6vet. Az \u00e9v els\u0151 hossz\u00fa h\u00e9tv\u00e9g\u00e9je \u00edgy m\u00e1r n\u00e9gynapos lesz. Hasonl\u00f3an szerencs\u00e9s eloszt\u00e1s figyelhet\u0151 meg\u00a0<strong>augusztusban<\/strong>\u00a0\u00e9s\u00a0<strong>kar\u00e1csonykor<\/strong>, amikor a nemzeti \u00fcnnepek mell\u00e9 ism\u00e9t pihen\u0151napok j\u00e1rnak.<\/p>\n<p class=\"my-2 [&amp;+p]:mt-4 [&amp;_strong:has(+br)]:inline-block [&amp;_strong:has(+br)]:pb-2\">A 2026-os munkasz\u00fcneti napok a k\u00f6vetkez\u0151k:<\/p>\n<ul class=\"marker:text-quiet list-disc\">\n<li class=\"py-0 my-0 prose-p:pt-0 prose-p:mb-2 prose-p:my-0 [&amp;&gt;p]:pt-0 [&amp;&gt;p]:mb-2 [&amp;&gt;p]:my-0\">\n<p class=\"my-2 [&amp;+p]:mt-4 [&amp;_strong:has(+br)]:inline-block [&amp;_strong:has(+br)]:pb-2\"><strong>Janu\u00e1r 1. (cs\u00fct\u00f6rt\u00f6k)<\/strong>\u00a0\u2013 \u00daj\u00e9v<\/p>\n<\/li>\n<li class=\"py-0 my-0 prose-p:pt-0 prose-p:mb-2 prose-p:my-0 [&amp;&gt;p]:pt-0 [&amp;&gt;p]:mb-2 [&amp;&gt;p]:my-0\">\n<p class=\"my-2 [&amp;+p]:mt-4 [&amp;_strong:has(+br)]:inline-block [&amp;_strong:has(+br)]:pb-2\"><strong>Janu\u00e1r 2. (p\u00e9ntek)<\/strong>\u00a0\u2013 Pihen\u0151nap<\/p>\n<\/li>\n<li class=\"py-0 my-0 prose-p:pt-0 prose-p:mb-2 prose-p:my-0 [&amp;&gt;p]:pt-0 [&amp;&gt;p]:mb-2 [&amp;&gt;p]:my-0\">\n<p class=\"my-2 [&amp;+p]:mt-4 [&amp;_strong:has(+br)]:inline-block [&amp;_strong:has(+br)]:pb-2\"><strong>M\u00e1rcius 15. (vas\u00e1rnap)<\/strong>\u00a0\u2013 Az 1848-as forradalom \u00fcnnepe<\/p>\n<\/li>\n<li class=\"py-0 my-0 prose-p:pt-0 prose-p:mb-2 prose-p:my-0 [&amp;&gt;p]:pt-0 [&amp;&gt;p]:mb-2 [&amp;&gt;p]:my-0\">\n<p class=\"my-2 [&amp;+p]:mt-4 [&amp;_strong:has(+br)]:inline-block [&amp;_strong:has(+br)]:pb-2\"><strong>\u00c1prilis 3. (p\u00e9ntek)<\/strong>\u00a0\u2013 Nagyp\u00e9ntek<\/p>\n<\/li>\n<li class=\"py-0 my-0 prose-p:pt-0 prose-p:mb-2 prose-p:my-0 [&amp;&gt;p]:pt-0 [&amp;&gt;p]:mb-2 [&amp;&gt;p]:my-0\">\n<p class=\"my-2 [&amp;+p]:mt-4 [&amp;_strong:has(+br)]:inline-block [&amp;_strong:has(+br)]:pb-2\"><strong>\u00c1prilis 5\u20136. (vas\u00e1rnap\u2013h\u00e9tf\u0151)<\/strong>\u00a0\u2013 H\u00fasv\u00e9t<\/p>\n<\/li>\n<li class=\"py-0 my-0 prose-p:pt-0 prose-p:mb-2 prose-p:my-0 [&amp;&gt;p]:pt-0 [&amp;&gt;p]:mb-2 [&amp;&gt;p]:my-0\">\n<p class=\"my-2 [&amp;+p]:mt-4 [&amp;_strong:has(+br)]:inline-block [&amp;_strong:has(+br)]:pb-2\"><strong>M\u00e1jus 1. (p\u00e9ntek)<\/strong>\u00a0\u2013 A munka \u00fcnnepe<\/p>\n<\/li>\n<li class=\"py-0 my-0 prose-p:pt-0 prose-p:mb-2 prose-p:my-0 [&amp;&gt;p]:pt-0 [&amp;&gt;p]:mb-2 [&amp;&gt;p]:my-0\">\n<p class=\"my-2 [&amp;+p]:mt-4 [&amp;_strong:has(+br)]:inline-block [&amp;_strong:has(+br)]:pb-2\"><strong>M\u00e1jus 24\u201325. (vas\u00e1rnap\u2013h\u00e9tf\u0151)<\/strong>\u00a0\u2013 P\u00fcnk\u00f6sd<\/p>\n<\/li>\n<li class=\"py-0 my-0 prose-p:pt-0 prose-p:mb-2 prose-p:my-0 [&amp;&gt;p]:pt-0 [&amp;&gt;p]:mb-2 [&amp;&gt;p]:my-0\">\n<p class=\"my-2 [&amp;+p]:mt-4 [&amp;_strong:has(+br)]:inline-block [&amp;_strong:has(+br)]:pb-2\"><strong>Augusztus 20. (cs\u00fct\u00f6rt\u00f6k)<\/strong>\u00a0\u2013 Az \u00e1llamalap\u00edt\u00e1s \u00fcnnepe<\/p>\n<\/li>\n<li class=\"py-0 my-0 prose-p:pt-0 prose-p:mb-2 prose-p:my-0 [&amp;&gt;p]:pt-0 [&amp;&gt;p]:mb-2 [&amp;&gt;p]:my-0\">\n<p class=\"my-2 [&amp;+p]:mt-4 [&amp;_strong:has(+br)]:inline-block [&amp;_strong:has(+br)]:pb-2\"><strong>Augusztus 21. (p\u00e9ntek)<\/strong>\u00a0\u2013 Pihen\u0151nap<\/p>\n<\/li>\n<li class=\"py-0 my-0 prose-p:pt-0 prose-p:mb-2 prose-p:my-0 [&amp;&gt;p]:pt-0 [&amp;&gt;p]:mb-2 [&amp;&gt;p]:my-0\">\n<p class=\"my-2 [&amp;+p]:mt-4 [&amp;_strong:has(+br)]:inline-block [&amp;_strong:has(+br)]:pb-2\"><strong>Okt\u00f3ber 23. (cs\u00fct\u00f6rt\u00f6k)<\/strong>\u00a0\u2013 Az 1956-os forradalom \u00fcnnepe<\/p>\n<\/li>\n<li class=\"py-0 my-0 prose-p:pt-0 prose-p:mb-2 prose-p:my-0 [&amp;&gt;p]:pt-0 [&amp;&gt;p]:mb-2 [&amp;&gt;p]:my-0\">\n<p class=\"my-2 [&amp;+p]:mt-4 [&amp;_strong:has(+br)]:inline-block [&amp;_strong:has(+br)]:pb-2\"><strong>November 1. (vas\u00e1rnap)<\/strong>\u00a0\u2013 Mindenszentek<\/p>\n<\/li>\n<li class=\"py-0 my-0 prose-p:pt-0 prose-p:mb-2 prose-p:my-0 [&amp;&gt;p]:pt-0 [&amp;&gt;p]:mb-2 [&amp;&gt;p]:my-0\">\n<p class=\"my-2 [&amp;+p]:mt-4 [&amp;_strong:has(+br)]:inline-block [&amp;_strong:has(+br)]:pb-2\"><strong>December 24. (cs\u00fct\u00f6rt\u00f6k)<\/strong>\u00a0\u2013 Pihen\u0151nap<\/p>\n<\/li>\n<li class=\"py-0 my-0 prose-p:pt-0 prose-p:mb-2 prose-p:my-0 [&amp;&gt;p]:pt-0 [&amp;&gt;p]:mb-2 [&amp;&gt;p]:my-0\">\n<p class=\"my-2 [&amp;+p]:mt-4 [&amp;_strong:has(+br)]:inline-block [&amp;_strong:has(+br)]:pb-2\"><strong>December 25\u201326. (p\u00e9ntek\u2013szombat)<\/strong>\u00a0\u2013 Kar\u00e1csony<\/p>\n<\/li>\n<\/ul>\n<h2 class=\"mb-2 mt-4 font-display font-semimedium text-base first:mt-0\">Szombati munkanapok<\/h2>\n<p class=\"my-2 [&amp;+p]:mt-4 [&amp;_strong:has(+br)]:inline-block [&amp;_strong:has(+br)]:pb-2\">Mint minden \u00e9vben, 2026-ban is lesz n\u00e9h\u00e1ny ledolgoz\u00f3s szombat a pihen\u0151napok miatt:<\/p>\n<ul class=\"marker:text-quiet list-disc\">\n<li class=\"py-0 my-0 prose-p:pt-0 prose-p:mb-2 prose-p:my-0 [&amp;&gt;p]:pt-0 [&amp;&gt;p]:mb-2 [&amp;&gt;p]:my-0\">\n<p class=\"my-2 [&amp;+p]:mt-4 [&amp;_strong:has(+br)]:inline-block [&amp;_strong:has(+br)]:pb-2\"><strong>Janu\u00e1r 10.<\/strong>\u00a0\u2013 janu\u00e1r 2. helyett<\/p>\n<\/li>\n<li class=\"py-0 my-0 prose-p:pt-0 prose-p:mb-2 prose-p:my-0 [&amp;&gt;p]:pt-0 [&amp;&gt;p]:mb-2 [&amp;&gt;p]:my-0\">\n<p class=\"my-2 [&amp;+p]:mt-4 [&amp;_strong:has(+br)]:inline-block [&amp;_strong:has(+br)]:pb-2\"><strong>Augusztus 8.<\/strong>\u00a0\u2013 augusztus 21. helyett<\/p>\n<\/li>\n<li class=\"py-0 my-0 prose-p:pt-0 prose-p:mb-2 prose-p:my-0 [&amp;&gt;p]:pt-0 [&amp;&gt;p]:mb-2 [&amp;&gt;p]:my-0\">\n<p class=\"my-2 [&amp;+p]:mt-4 [&amp;_strong:has(+br)]:inline-block [&amp;_strong:has(+br)]:pb-2\"><strong>December 12.<\/strong>\u00a0\u2013 december 24. helyett<\/p>\n<\/li>\n<\/ul>\n<h2 class=\"mb-2 mt-4 font-display font-semimedium text-base first:mt-0\">\u00d6sszess\u00e9g\u00e9ben kevesebbet kell dolgozni<\/h2>\n<p class=\"my-2 [&amp;+p]:mt-4 [&amp;_strong:has(+br)]:inline-block [&amp;_strong:has(+br)]:pb-2\">A 2026-os napt\u00e1r \u00f6sszesen\u00a0<strong>h\u00e9t hossz\u00fa h\u00e9tv\u00e9g\u00e9t<\/strong>\u00a0tartalmaz: n\u00e9gy lesz\u00a0<strong>n\u00e9gynapos<\/strong>, h\u00e1rom pedig\u00a0<strong>h\u00e1romnapos<\/strong>. Ez kedvez\u0151bb, mint a 2025-\u00f6s \u00e9v, amikor kevesebb ilyen pihen\u0151id\u0151 jutott a dolgoz\u00f3knak. A hossz\u00fa h\u00e9tv\u00e9g\u00e9k egy r\u00e9sz\u00e9t \u00e9rdemes m\u00e1r most bejel\u00f6lni a napt\u00e1rban, hiszen a kor\u00e1n lefoglalt szabads\u00e1g garant\u00e1lja a legjobb utaz\u00e1si \u00e9s sz\u00e1ll\u00e1saj\u00e1nlatokat.<\/p>\n<h2 class=\"mb-2 mt-4 font-display font-semimedium text-base first:mt-0\">\u00d6sszegz\u00e9s<\/h2>\n<p class=\"my-2 [&amp;+p]:mt-4 [&amp;_strong:has(+br)]:inline-block [&amp;_strong:has(+br)]:pb-2\">2026-ban a munkanapok \u00e9s \u00fcnnepnapok szerencs\u00e9sen alakulnak, \u00edgy az \u00e9v ide\u00e1lis lesz r\u00f6videbb belf\u00f6ldi kiruccan\u00e1sokra \u00e9s hosszabb ny\u00e1ri szabads\u00e1gokra is. Aki el\u0151re tervez, az ak\u00e1r egy plusz hetet is nyerhet az \u00e9v sor\u00e1n a pihen\u00e9ssel.<\/p>","protected":false},"excerpt":{"rendered":"<p>A 2026 kifejezetten kedvez\u0151 \u00e9v lesz a dolgoz\u00f3k sz\u00e1m\u00e1ra: t\u00f6bb hossz\u00fa h\u00e9tv\u00e9ge, extra pihen\u0151nap \u00e9s kevesebb ledolgozand\u00f3 munkanap seg\u00edti majd a kikapcsol\u00f3d\u00e1st. A j\u00f6v\u0151 \u00e9vi munkasz\u00fcneti napok list\u00e1ja alapj\u00e1n m\u00e1r most \u00e9rdemes megtervezni a nyaral\u00e1sokat \u00e9s szabads\u00e1gokat. Hossz\u00fa h\u00e9tv\u00e9g\u00e9k \u00e9s pihen\u0151napok Az \u00e9v r\u00f6gt\u00f6n j\u00f3l indul:\u00a0janu\u00e1r 1-je, \u00daj\u00e9v,\u00a0cs\u00fct\u00f6rt\u00f6kre esik, amit\u00a0janu\u00e1r 2-\u00e1n\u00a0egy hivatalos pihen\u0151nap k\u00f6vet. Az [&hellip;]<\/p>","protected":false},"author":2,"featured_media":1973,"comment_status":"closed","ping_status":"open","sticky":false,"template":"","format":"standard","meta":{"_acf_changed":false,"footnotes":""},"categories":[10],"tags":[],"class_list":["post-1972","post","type-post","status-publish","format-standard","has-post-thumbnail","hentry","category-hasznos-anyagok"],"acf":[],"yoast_head":"<!-- This site is optimized with the Yoast SEO plugin v25.3 - https:\/\/yoast.com\/wordpress\/plugins\/seo\/ -->\n<title>\u00cdme a 2026-os Munkasz\u00fcneti Napok - Delego<\/title>\n<meta name=\"robots\" content=\"index, follow, max-snippet:-1, max-image-preview:large, max-video-preview:-1\" \/>\n<link rel=\"canonical\" href=\"http:\/\/delego.hu\/zh\/ime-a-2026-os-munkaszuneti-napok\/\" \/>\n<meta property=\"og:locale\" content=\"zh_CN\" \/>\n<meta property=\"og:type\" content=\"article\" \/>\n<meta property=\"og:title\" content=\"\u00cdme a 2026-os Munkasz\u00fcneti Napok - Delego\" \/>\n<meta property=\"og:description\" content=\"A 2026 kifejezetten kedvez\u0151 \u00e9v lesz a dolgoz\u00f3k sz\u00e1m\u00e1ra: t\u00f6bb hossz\u00fa h\u00e9tv\u00e9ge, extra pihen\u0151nap \u00e9s kevesebb ledolgozand\u00f3 munkanap seg\u00edti majd a kikapcsol\u00f3d\u00e1st. A j\u00f6v\u0151 \u00e9vi munkasz\u00fcneti napok list\u00e1ja alapj\u00e1n m\u00e1r most \u00e9rdemes megtervezni a nyaral\u00e1sokat \u00e9s szabads\u00e1gokat. Hossz\u00fa h\u00e9tv\u00e9g\u00e9k \u00e9s pihen\u0151napok Az \u00e9v r\u00f6gt\u00f6n j\u00f3l indul:\u00a0janu\u00e1r 1-je, \u00daj\u00e9v,\u00a0cs\u00fct\u00f6rt\u00f6kre esik, amit\u00a0janu\u00e1r 2-\u00e1n\u00a0egy hivatalos pihen\u0151nap k\u00f6vet. Az [&hellip;]\" \/>\n<meta property=\"og:url\" content=\"http:\/\/delego.hu\/zh\/ime-a-2026-os-munkaszuneti-napok\/\" \/>\n<meta property=\"og:site_name\" content=\"Delego\" \/>\n<meta property=\"article:published_time\" content=\"2026-01-05T08:17:32+00:00\" \/>\n<meta property=\"og:image\" content=\"https:\/\/delego.hu\/wp-content\/uploads\/2026\/01\/paper-style-2026-logo-style-text-new-year-eve_1017-60883.webp\" \/>\n\t<meta property=\"og:image:width\" content=\"740\" \/>\n\t<meta property=\"og:image:height\" content=\"493\" \/>\n\t<meta property=\"og:image:type\" content=\"image\/webp\" \/>\n<meta name=\"author\" content=\"delego\" \/>\n<meta name=\"twitter:card\" content=\"summary_large_image\" \/>\n<meta name=\"twitter:label1\" content=\"\u4f5c\u8005\" \/>\n\t<meta name=\"twitter:data1\" content=\"delego\" \/>\n\t<meta name=\"twitter:label2\" content=\"\u9884\u8ba1\u9605\u8bfb\u65f6\u95f4\" \/>\n\t<meta name=\"twitter:data2\" content=\"2 \u5206\" \/>\n<script type=\"application\/ld+json\" class=\"yoast-schema-graph\">{\"@context\":\"https:\/\/schema.org\",\"@graph\":[{\"@type\":\"Article\",\"@id\":\"http:\/\/delego.hu\/zh\/ime-a-2026-os-munkaszuneti-napok\/#article\",\"isPartOf\":{\"@id\":\"http:\/\/delego.hu\/zh\/ime-a-2026-os-munkaszuneti-napok\/\"},\"author\":{\"name\":\"delego\",\"@id\":\"https:\/\/delego.hu\/ru\/#\/schema\/person\/36c58e4a4ca420fc55781a37debde88d\"},\"headline\":\"\u00cdme a 2026-os Munkasz\u00fcneti Napok\",\"datePublished\":\"2026-01-05T08:17:32+00:00\",\"mainEntityOfPage\":{\"@id\":\"http:\/\/delego.hu\/zh\/ime-a-2026-os-munkaszuneti-napok\/\"},\"wordCount\":395,\"publisher\":{\"@id\":\"https:\/\/delego.hu\/ru\/#organization\"},\"image\":{\"@id\":\"http:\/\/delego.hu\/zh\/ime-a-2026-os-munkaszuneti-napok\/#primaryimage\"},\"thumbnailUrl\":\"https:\/\/delego.hu\/wp-content\/uploads\/2026\/01\/paper-style-2026-logo-style-text-new-year-eve_1017-60883.webp\",\"articleSection\":[\"hasznos anyagok\"],\"inLanguage\":\"zh-Hans\"},{\"@type\":\"WebPage\",\"@id\":\"http:\/\/delego.hu\/zh\/ime-a-2026-os-munkaszuneti-napok\/\",\"url\":\"http:\/\/delego.hu\/zh\/ime-a-2026-os-munkaszuneti-napok\/\",\"name\":\"\u00cdme a 2026-os Munkasz\u00fcneti Napok - Delego\",\"isPartOf\":{\"@id\":\"https:\/\/delego.hu\/ru\/#website\"},\"primaryImageOfPage\":{\"@id\":\"http:\/\/delego.hu\/zh\/ime-a-2026-os-munkaszuneti-napok\/#primaryimage\"},\"image\":{\"@id\":\"http:\/\/delego.hu\/zh\/ime-a-2026-os-munkaszuneti-napok\/#primaryimage\"},\"thumbnailUrl\":\"https:\/\/delego.hu\/wp-content\/uploads\/2026\/01\/paper-style-2026-logo-style-text-new-year-eve_1017-60883.webp\",\"datePublished\":\"2026-01-05T08:17:32+00:00\",\"breadcrumb\":{\"@id\":\"http:\/\/delego.hu\/zh\/ime-a-2026-os-munkaszuneti-napok\/#breadcrumb\"},\"inLanguage\":\"zh-Hans\",\"potentialAction\":[{\"@type\":\"ReadAction\",\"target\":[\"http:\/\/delego.hu\/zh\/ime-a-2026-os-munkaszuneti-napok\/\"]}]},{\"@type\":\"ImageObject\",\"inLanguage\":\"zh-Hans\",\"@id\":\"http:\/\/delego.hu\/zh\/ime-a-2026-os-munkaszuneti-napok\/#primaryimage\",\"url\":\"https:\/\/delego.hu\/wp-content\/uploads\/2026\/01\/paper-style-2026-logo-style-text-new-year-eve_1017-60883.webp\",\"contentUrl\":\"https:\/\/delego.hu\/wp-content\/uploads\/2026\/01\/paper-style-2026-logo-style-text-new-year-eve_1017-60883.webp\",\"width\":740,\"height\":493,\"caption\":\"delego 2026 munkasz\u00fcneti napok\"},{\"@type\":\"BreadcrumbList\",\"@id\":\"http:\/\/delego.hu\/zh\/ime-a-2026-os-munkaszuneti-napok\/#breadcrumb\",\"itemListElement\":[{\"@type\":\"ListItem\",\"position\":1,\"name\":\"Kezd\u0151lap\",\"item\":\"https:\/\/delego.hu\/hu\/\"},{\"@type\":\"ListItem\",\"position\":2,\"name\":\"\u00cdme a 2026-os Munkasz\u00fcneti Napok\"}]},{\"@type\":\"WebSite\",\"@id\":\"https:\/\/delego.hu\/ru\/#website\",\"url\":\"https:\/\/delego.hu\/ru\/\",\"name\":\"Delego\",\"description\":\"\",\"publisher\":{\"@id\":\"https:\/\/delego.hu\/ru\/#organization\"},\"potentialAction\":[{\"@type\":\"SearchAction\",\"target\":{\"@type\":\"EntryPoint\",\"urlTemplate\":\"https:\/\/delego.hu\/ru\/?s={search_term_string}\"},\"query-input\":{\"@type\":\"PropertyValueSpecification\",\"valueRequired\":true,\"valueName\":\"search_term_string\"}}],\"inLanguage\":\"zh-Hans\"},{\"@type\":\"Organization\",\"@id\":\"https:\/\/delego.hu\/ru\/#organization\",\"name\":\"Delego\",\"url\":\"https:\/\/delego.hu\/ru\/\",\"logo\":{\"@type\":\"ImageObject\",\"inLanguage\":\"zh-Hans\",\"@id\":\"https:\/\/delego.hu\/ru\/#\/schema\/logo\/image\/\",\"url\":\"https:\/\/delego.hu\/wp-content\/uploads\/2024\/07\/logodelego.png\",\"contentUrl\":\"https:\/\/delego.hu\/wp-content\/uploads\/2024\/07\/logodelego.png\",\"width\":117,\"height\":50,\"caption\":\"Delego\"},\"image\":{\"@id\":\"https:\/\/delego.hu\/ru\/#\/schema\/logo\/image\/\"}},{\"@type\":\"Person\",\"@id\":\"https:\/\/delego.hu\/ru\/#\/schema\/person\/36c58e4a4ca420fc55781a37debde88d\",\"name\":\"delego\",\"image\":{\"@type\":\"ImageObject\",\"inLanguage\":\"zh-Hans\",\"@id\":\"https:\/\/delego.hu\/ru\/#\/schema\/person\/image\/\",\"url\":\"https:\/\/secure.gravatar.com\/avatar\/3f3436378859475d7ae870e9b9957a7526a73268fbaa30151c8f6f27d33b7c61?s=96&d=mm&r=g\",\"contentUrl\":\"https:\/\/secure.gravatar.com\/avatar\/3f3436378859475d7ae870e9b9957a7526a73268fbaa30151c8f6f27d33b7c61?s=96&d=mm&r=g\",\"caption\":\"delego\"},\"url\":\"https:\/\/delego.hu\/zh\/author\/delego\/\"}]}<\/script>\n<!-- \/ Yoast SEO plugin. -->","yoast_head_json":{"title":"\u00cdme a 2026-os Munkasz\u00fcneti Napok - Delego","robots":{"index":"index","follow":"follow","max-snippet":"max-snippet:-1","max-image-preview":"max-image-preview:large","max-video-preview":"max-video-preview:-1"},"canonical":"http:\/\/delego.hu\/zh\/ime-a-2026-os-munkaszuneti-napok\/","og_locale":"zh_CN","og_type":"article","og_title":"\u00cdme a 2026-os Munkasz\u00fcneti Napok - Delego","og_description":"A 2026 kifejezetten kedvez\u0151 \u00e9v lesz a dolgoz\u00f3k sz\u00e1m\u00e1ra: t\u00f6bb hossz\u00fa h\u00e9tv\u00e9ge, extra pihen\u0151nap \u00e9s kevesebb ledolgozand\u00f3 munkanap seg\u00edti majd a kikapcsol\u00f3d\u00e1st. A j\u00f6v\u0151 \u00e9vi munkasz\u00fcneti napok list\u00e1ja alapj\u00e1n m\u00e1r most \u00e9rdemes megtervezni a nyaral\u00e1sokat \u00e9s szabads\u00e1gokat. Hossz\u00fa h\u00e9tv\u00e9g\u00e9k \u00e9s pihen\u0151napok Az \u00e9v r\u00f6gt\u00f6n j\u00f3l indul:\u00a0janu\u00e1r 1-je, \u00daj\u00e9v,\u00a0cs\u00fct\u00f6rt\u00f6kre esik, amit\u00a0janu\u00e1r 2-\u00e1n\u00a0egy hivatalos pihen\u0151nap k\u00f6vet. Az [&hellip;]","og_url":"http:\/\/delego.hu\/zh\/ime-a-2026-os-munkaszuneti-napok\/","og_site_name":"Delego","article_published_time":"2026-01-05T08:17:32+00:00","og_image":[{"width":740,"height":493,"url":"https:\/\/delego.hu\/wp-content\/uploads\/2026\/01\/paper-style-2026-logo-style-text-new-year-eve_1017-60883.webp","type":"image\/webp"}],"author":"delego","twitter_card":"summary_large_image","twitter_misc":{"\u4f5c\u8005":"delego","\u9884\u8ba1\u9605\u8bfb\u65f6\u95f4":"2 \u5206"},"schema":{"@context":"https:\/\/schema.org","@graph":[{"@type":"Article","@id":"http:\/\/delego.hu\/zh\/ime-a-2026-os-munkaszuneti-napok\/#article","isPartOf":{"@id":"http:\/\/delego.hu\/zh\/ime-a-2026-os-munkaszuneti-napok\/"},"author":{"name":"delego","@id":"https:\/\/delego.hu\/ru\/#\/schema\/person\/36c58e4a4ca420fc55781a37debde88d"},"headline":"\u00cdme a 2026-os Munkasz\u00fcneti Napok","datePublished":"2026-01-05T08:17:32+00:00","mainEntityOfPage":{"@id":"http:\/\/delego.hu\/zh\/ime-a-2026-os-munkaszuneti-napok\/"},"wordCount":395,"publisher":{"@id":"https:\/\/delego.hu\/ru\/#organization"},"image":{"@id":"http:\/\/delego.hu\/zh\/ime-a-2026-os-munkaszuneti-napok\/#primaryimage"},"thumbnailUrl":"https:\/\/delego.hu\/wp-content\/uploads\/2026\/01\/paper-style-2026-logo-style-text-new-year-eve_1017-60883.webp","articleSection":["hasznos anyagok"],"inLanguage":"zh-Hans"},{"@type":"WebPage","@id":"http:\/\/delego.hu\/zh\/ime-a-2026-os-munkaszuneti-napok\/","url":"http:\/\/delego.hu\/zh\/ime-a-2026-os-munkaszuneti-napok\/","name":"\u00cdme a 2026-os Munkasz\u00fcneti Napok - Delego","isPartOf":{"@id":"https:\/\/delego.hu\/ru\/#website"},"primaryImageOfPage":{"@id":"http:\/\/delego.hu\/zh\/ime-a-2026-os-munkaszuneti-napok\/#primaryimage"},"image":{"@id":"http:\/\/delego.hu\/zh\/ime-a-2026-os-munkaszuneti-napok\/#primaryimage"},"thumbnailUrl":"https:\/\/delego.hu\/wp-content\/uploads\/2026\/01\/paper-style-2026-logo-style-text-new-year-eve_1017-60883.webp","datePublished":"2026-01-05T08:17:32+00:00","breadcrumb":{"@id":"http:\/\/delego.hu\/zh\/ime-a-2026-os-munkaszuneti-napok\/#breadcrumb"},"inLanguage":"zh-Hans","potentialAction":[{"@type":"ReadAction","target":["http:\/\/delego.hu\/zh\/ime-a-2026-os-munkaszuneti-napok\/"]}]},{"@type":"ImageObject","inLanguage":"zh-Hans","@id":"http:\/\/delego.hu\/zh\/ime-a-2026-os-munkaszuneti-napok\/#primaryimage","url":"https:\/\/delego.hu\/wp-content\/uploads\/2026\/01\/paper-style-2026-logo-style-text-new-year-eve_1017-60883.webp","contentUrl":"https:\/\/delego.hu\/wp-content\/uploads\/2026\/01\/paper-style-2026-logo-style-text-new-year-eve_1017-60883.webp","width":740,"height":493,"caption":"delego 2026 munkasz\u00fcneti napok"},{"@type":"BreadcrumbList","@id":"http:\/\/delego.hu\/zh\/ime-a-2026-os-munkaszuneti-napok\/#breadcrumb","itemListElement":[{"@type":"ListItem","position":1,"name":"Kezd\u0151lap","item":"https:\/\/delego.hu\/hu\/"},{"@type":"ListItem","position":2,"name":"\u00cdme a 2026-os Munkasz\u00fcneti Napok"}]},{"@type":"WebSite","@id":"https:\/\/delego.hu\/ru\/#website","url":"https:\/\/delego.hu\/ru\/","name":"Delego","description":"","publisher":{"@id":"https:\/\/delego.hu\/ru\/#organization"},"potentialAction":[{"@type":"SearchAction","target":{"@type":"EntryPoint","urlTemplate":"https:\/\/delego.hu\/ru\/?s={search_term_string}"},"query-input":{"@type":"PropertyValueSpecification","valueRequired":true,"valueName":"search_term_string"}}],"inLanguage":"zh-Hans"},{"@type":"Organization","@id":"https:\/\/delego.hu\/ru\/#organization","name":"Delego","url":"https:\/\/delego.hu\/ru\/","logo":{"@type":"ImageObject","inLanguage":"zh-Hans","@id":"https:\/\/delego.hu\/ru\/#\/schema\/logo\/image\/","url":"https:\/\/delego.hu\/wp-content\/uploads\/2024\/07\/logodelego.png","contentUrl":"https:\/\/delego.hu\/wp-content\/uploads\/2024\/07\/logodelego.png","width":117,"height":50,"caption":"Delego"},"image":{"@id":"https:\/\/delego.hu\/ru\/#\/schema\/logo\/image\/"}},{"@type":"Person","@id":"https:\/\/delego.hu\/ru\/#\/schema\/person\/36c58e4a4ca420fc55781a37debde88d","name":"delego","image":{"@type":"ImageObject","inLanguage":"zh-Hans","@id":"https:\/\/delego.hu\/ru\/#\/schema\/person\/image\/","url":"https:\/\/secure.gravatar.com\/avatar\/3f3436378859475d7ae870e9b9957a7526a73268fbaa30151c8f6f27d33b7c61?s=96&d=mm&r=g","contentUrl":"https:\/\/secure.gravatar.com\/avatar\/3f3436378859475d7ae870e9b9957a7526a73268fbaa30151c8f6f27d33b7c61?s=96&d=mm&r=g","caption":"delego"},"url":"https:\/\/delego.hu\/zh\/author\/delego\/"}]}},"_links":{"self":[{"href":"https:\/\/delego.hu\/zh\/wp-json\/wp\/v2\/posts\/1972","targetHints":{"allow":["GET"]}}],"collection":[{"href":"https:\/\/delego.hu\/zh\/wp-json\/wp\/v2\/posts"}],"about":[{"href":"https:\/\/delego.hu\/zh\/wp-json\/wp\/v2\/types\/post"}],"author":[{"embeddable":true,"href":"https:\/\/delego.hu\/zh\/wp-json\/wp\/v2\/users\/2"}],"replies":[{"embeddable":true,"href":"https:\/\/delego.hu\/zh\/wp-json\/wp\/v2\/comments?post=1972"}],"version-history":[{"count":1,"href":"https:\/\/delego.hu\/zh\/wp-json\/wp\/v2\/posts\/1972\/revisions"}],"predecessor-version":[{"id":1974,"href":"https:\/\/delego.hu\/zh\/wp-json\/wp\/v2\/posts\/1972\/revisions\/1974"}],"wp:featuredmedia":[{"embeddable":true,"href":"https:\/\/delego.hu\/zh\/wp-json\/wp\/v2\/media\/1973"}],"wp:attachment":[{"href":"https:\/\/delego.hu\/zh\/wp-json\/wp\/v2\/media?parent=1972"}],"wp:term":[{"taxonomy":"category","embeddable":true,"href":"https:\/\/delego.hu\/zh\/wp-json\/wp\/v2\/categories?post=1972"},{"taxonomy":"post_tag","embeddable":true,"href":"https:\/\/delego.hu\/zh\/wp-json\/wp\/v2\/tags?post=1972"}],"curies":[{"name":"wp","href":"https:\/\/api.w.org\/{rel}","templated":true}]}}