{"id":658,"date":"2023-04-06T12:40:17","date_gmt":"2023-04-06T12:40:17","guid":{"rendered":"https:\/\/delego.hu\/?p=658"},"modified":"2024-07-29T12:41:44","modified_gmt":"2024-07-29T12:41:44","slug":"jelek-amikor-munkahelyvaltason-kellene-gondolgoznod","status":"publish","type":"post","link":"https:\/\/delego.hu\/ko\/jelek-amikor-munkahelyvaltason-kellene-gondolgoznod\/","title":{"rendered":"Jelek, amikor munkahelyv\u00e1lt\u00e1son kellene gondolgoznod"},"content":{"rendered":"<h5>Az ember \u00e9let\u00e9ben a munkahelye rendk\u00edv\u00fcl fontos szerepet j\u00e1tszik az \u00e9letmin\u0151s\u00e9g szempontj\u00e1b\u00f3l. Azonban, ha \u00e9szrevesz\u00fcnk bizonyos jeleket, amelyek arra utalhatnak, hogy m\u00e1r ideje lenne v\u00e1ltani, akkor \u00e9rdemes elgondolkodni az alternat\u00edv lehet\u0151s\u00e9geken. A munkahelyv\u00e1lt\u00e1s nem csak az \u00e9letmin\u0151s\u00e9g jav\u00edt\u00e1sa, hanem a szakmai fejl\u0151d\u00e9s \u00e9s az anyagi biztons\u00e1g n\u00f6vel\u00e9se is lehet.<\/h5>\n<ol>\n<li>Elvesz\u00edtett\u00fck motiv\u00e1ci\u00f3nkat a munk\u00e1nk ir\u00e1nt, \u00e9s emiatt neh\u00e9z motiv\u00e1lnunk magunkat nap mint nap? Ez jelentheti, hogy ideje elgondolkodni a v\u00e1lt\u00e1s lehet\u0151s\u00e9g\u00e9r\u0151l. Az \u00e9let t\u00fal r\u00f6vid ahhoz, hogy \u00e9rtelmetlen munk\u00e1ban t\u00f6lts\u00fck el az id\u0151nket. Az emberi sz\u00fcks\u00e9gletek k\u00f6z\u00f6tt az \u00e9rt\u00e9kteremt\u00e9s is szerepel, \u00e9s egy olyan munka, amely nem hoz el\u00e9gedetts\u00e9get, id\u0151vel kimer\u00edtheti az embert.<\/li>\n<li>Ha \u00fagy \u00e9rezz\u00fck, hogy nem kapjuk meg megfelel\u0151en a munk\u00e1nk\u00e9rt j\u00e1r\u00f3 b\u00e9rben m\u00e9rt megbecs\u00fcl\u00e9st, akkor \u00e9rdemes lehet alternat\u00edv lehet\u0151s\u00e9gek ut\u00e1n kutatni. Az \u00e9letsz\u00ednvonalunk fenntart\u00e1s\u00e1hoz elengedhetetlen, hogy a kem\u00e9ny munk\u00e1nk\u00e9rt megfelel\u0151en is fizessenek ki. A munkav\u00e1llal\u00f3k anyagi biztons\u00e1ga egy\u00e9rtelm\u0171en befoly\u00e1solja a mindennapi \u00e9let\u00fcket \u00e9s boldogs\u00e1gukat.<\/li>\n<li>Ha \u00fagy \u00e9rezz\u00fck, hogy nincs lehet\u0151s\u00e9g\u00fcnk a fejl\u0151d\u00e9sre a jelenlegi munkahely\u00fcnk\u00f6n, akkor ideje lehet elgondolkodni az \u00e1t\u00e1ll\u00e1sr\u00f3l. A fejl\u0151d\u00e9si lehet\u0151s\u00e9gek fontosak ahhoz, hogy jav\u00edtsuk a munkak\u00e9pess\u00e9g\u00fcnket \u00e9s szakmai karrier\u00fcnket, ami pedig megtartja a motiv\u00e1ci\u00f3t a c\u00e9g \u00e1ltal kijel\u00f6lt \u00faton. A munkahelyv\u00e1lt\u00e1s lehet\u0151s\u00e9get adhat \u00faj kih\u00edv\u00e1sokra, amelyekkel n\u00f6velhetj\u00fck szakmai tud\u00e1sunkat \u00e9s tapasztalatunkat.<\/li>\n<li>Ha nem \u00e9rezz\u00fck j\u00f3l magunkat a munkahely\u00fcnk\u00f6n, akkor tal\u00e1n az lehet, hogy rossz a munkak\u00f6rnyezet miatt van. A munkak\u00f6rnyezetnek kellemesnek kell lennie ahhoz, hogy hat\u00e9konyan tudjunk dolgozni, \u00e9s ne \u00e9rezz\u00fck magunkat stresszesnek vagy szorong\u00f3nak. A munkahelyre is sz\u00edvesebben mennek dolgozni a munkav\u00e1llal\u00f3k, ha kellemes k\u00f6rnyezetben dolgozhatnak.<\/li>\n<li>Ha az \u00e9let\u00fcnk egyens\u00falya felborult, mert a munk\u00e1nk t\u00fals\u00e1gosan lefoglalja az id\u0151nket, akkor fontos, hogy megpr\u00f3b\u00e1ljuk vissza\u00e1ll\u00edtani a munka-mag\u00e1n\u00e9let egyens\u00faly\u00e1t. Azonban, ha a munkahely\u00fcnk k\u00f6r\u00fclm\u00e9nyei miatt ez nem lehets\u00e9ges, akkor \u00e9rdemes elgondolkodni a munkahelyv\u00e1lt\u00e1son. Az \u00faj munkahelyen lehet\u0151s\u00e9g\u00fcnk lehet arra, hogy olyan munkak\u00f6rben dolgozzunk, amely lehet\u0151v\u00e9 teszi a <a href=\"https:\/\/delego.hu\/ko\/2023\/03\/09\/miert-van-szuksegunk-pihenesre\/\">szabadid\u0151nk<\/a> megfelel\u0151 kihaszn\u00e1l\u00e1s\u00e1t \u00e9s az \u00e9let egy\u00e9b fontos ter\u00fcleteivel val\u00f3 foglalkoz\u00e1st.<\/li>\n<\/ol>\n<p>Azonban, miel\u0151tt eld\u00f6ntj\u00fck, hogy v\u00e1ltunk, \u00e9rdemes m\u00e9rlegelni az el\u0151ny\u00f6ket \u00e9s a h\u00e1tr\u00e1nyokat. Az \u00faj munkahelyen jobb lehet a fizet\u00e9s\u00fcnk, jobb fejl\u0151d\u00e9si lehet\u0151s\u00e9gek \u00e1llnak rendelkez\u00e9sre, \u00e9s egy jobb munkak\u00f6rnyezetben dolgozhatunk. Azonban a munkahelyv\u00e1lt\u00e1s \u00e1ltal\u00e1ban id\u0151be telik, \u00e9s sz\u00e1mos egy\u00e9b szempontot is figyelembe kell venni, p\u00e9ld\u00e1ul az \u00faj munkahely t\u00e1vols\u00e1g\u00e1t, az esetleges munkahelyi kult\u00far\u00e1t, \u00e9s az \u00faj munkak\u00f6r feladatait.<\/p>\n<p>Fontos, hogy alaposan \u00e1tgondoljuk a d\u00f6nt\u00e9s\u00fcnket, \u00e9s k\u00e9rj\u00fck ki a csal\u00e1dunk, bar\u00e1taink, \u00e9s szakmai kapcsolataink v\u00e9lem\u00e9ny\u00e9t is. Tov\u00e1bb\u00e1, \u00e9rdemes felk\u00e9sz\u00fclni az \u00e1ll\u00e1skeres\u00e9sre, hogy biztos\u00edtva legyen az \u00faj munkahely megszerz\u00e9se.<\/p>\n<p>Ha \u00fagy \u00e9rzed, hogy sz\u00fcks\u00e9ged van seg\u00edts\u00e9gre az \u00e1ll\u00e1skeres\u00e9s folyamat\u00e1ban, akkor \u00e9rdemes lehet ig\u00e9nybe venni a munkaer\u0151-k\u00f6lcs\u00f6nz\u0151 \u00e9s k\u00f6zvet\u00edt\u0151 c\u00e9gek szolg\u00e1ltat\u00e1sait, mint p\u00e9ld\u00e1ul a <a href=\"https:\/\/delego.hu\/ko\/\">Delego Kft.<\/a>-t. Az ilyen c\u00e9gek seg\u00edtenek az \u00e1ll\u00e1skeres\u0151knek megtal\u00e1lni a legmegfelel\u0151bb poz\u00edci\u00f3t, \u00e9s gyakran kapcsolatban \u00e1llnak olyan munk\u00e1ltat\u00f3kkal, akik a legink\u00e1bb megfelelnek a jel\u00f6lt ig\u00e9nyeinek \u00e9s k\u00e9szs\u00e9geinek.<\/p>\n<p>Az \u00e1ll\u00e1skeres\u00e9s az \u00e9let\u00fcnk egyik legfontosabb \u00e9s legizgalmasabb id\u0151szaka lehet. B\u00e1r az \u00faj munkahely megtal\u00e1l\u00e1sa izgalmas \u00e9s kih\u00edv\u00e1sokkal teli lehet, azonban a helyes d\u00f6nt\u00e9s meghozatala \u00e9s a megfelel\u0151 el\u0151k\u00e9sz\u00fcletek megt\u00e9tele r\u00e9v\u00e9n, lehet\u0151s\u00e9g\u00fcnk van arra, hogy egy boldogabb \u00e9s el\u00e9gedettebb \u00e9letet \u00e9lj\u00fcnk. Ha \u00fagy \u00e9rzed, hogy m\u00e1r ideje lenne v\u00e1ltani, akkor ne f\u00e9lj l\u00e9pni, \u00e9s <a href=\"http:\/\/hr.delegoallas.hu\/jobs?\">v\u00e1gj bele!<\/a><\/p>\n<p>&nbsp;<\/p>\n<p><em>G\u00e1bor S\u00e1ndor<\/em><\/p>","protected":false},"excerpt":{"rendered":"<p>Az ember \u00e9let\u00e9ben a munkahelye rendk\u00edv\u00fcl fontos szerepet j\u00e1tszik az \u00e9letmin\u0151s\u00e9g szempontj\u00e1b\u00f3l. Azonban, ha \u00e9szrevesz\u00fcnk bizonyos jeleket, amelyek arra utalhatnak, hogy m\u00e1r ideje lenne v\u00e1ltani, akkor \u00e9rdemes elgondolkodni az alternat\u00edv lehet\u0151s\u00e9geken. A munkahelyv\u00e1lt\u00e1s nem csak az \u00e9letmin\u0151s\u00e9g jav\u00edt\u00e1sa, hanem a szakmai fejl\u0151d\u00e9s \u00e9s az anyagi biztons\u00e1g n\u00f6vel\u00e9se is lehet. Elvesz\u00edtett\u00fck motiv\u00e1ci\u00f3nkat a munk\u00e1nk ir\u00e1nt, \u00e9s [&hellip;]<\/p>","protected":false},"author":1,"featured_media":666,"comment_status":"closed","ping_status":"open","sticky":false,"template":"","format":"standard","meta":{"_acf_changed":false,"footnotes":""},"categories":[10],"tags":[],"class_list":["post-658","post","type-post","status-publish","format-standard","has-post-thumbnail","hentry","category-hasznos-anyagok"],"acf":[],"yoast_head":"<!-- This site is optimized with the Yoast SEO plugin v25.3 - https:\/\/yoast.com\/wordpress\/plugins\/seo\/ -->\n<title>Jelek, amikor munkahelyv\u00e1lt\u00e1son kellene gondolgoznod - Delego<\/title>\n<meta name=\"robots\" content=\"index, follow, max-snippet:-1, max-image-preview:large, max-video-preview:-1\" \/>\n<link rel=\"canonical\" href=\"https:\/\/delego.hu\/ko\/jelek-amikor-munkahelyvaltason-kellene-gondolgoznod\/\" \/>\n<meta property=\"og:locale\" content=\"ko_KR\" \/>\n<meta property=\"og:type\" content=\"article\" \/>\n<meta property=\"og:title\" content=\"Jelek, amikor munkahelyv\u00e1lt\u00e1son kellene gondolgoznod - Delego\" \/>\n<meta property=\"og:description\" content=\"Az ember \u00e9let\u00e9ben a munkahelye rendk\u00edv\u00fcl fontos szerepet j\u00e1tszik az \u00e9letmin\u0151s\u00e9g szempontj\u00e1b\u00f3l. Azonban, ha \u00e9szrevesz\u00fcnk bizonyos jeleket, amelyek arra utalhatnak, hogy m\u00e1r ideje lenne v\u00e1ltani, akkor \u00e9rdemes elgondolkodni az alternat\u00edv lehet\u0151s\u00e9geken. A munkahelyv\u00e1lt\u00e1s nem csak az \u00e9letmin\u0151s\u00e9g jav\u00edt\u00e1sa, hanem a szakmai fejl\u0151d\u00e9s \u00e9s az anyagi biztons\u00e1g n\u00f6vel\u00e9se is lehet. Elvesz\u00edtett\u00fck motiv\u00e1ci\u00f3nkat a munk\u00e1nk ir\u00e1nt, \u00e9s [&hellip;]\" \/>\n<meta property=\"og:url\" content=\"https:\/\/delego.hu\/ko\/jelek-amikor-munkahelyvaltason-kellene-gondolgoznod\/\" \/>\n<meta property=\"og:site_name\" content=\"Delego\" \/>\n<meta property=\"article:published_time\" content=\"2023-04-06T12:40:17+00:00\" \/>\n<meta property=\"article:modified_time\" content=\"2024-07-29T12:41:44+00:00\" \/>\n<meta property=\"og:image\" content=\"https:\/\/delego.hu\/wp-content\/uploads\/2024\/07\/pexels-fauxels-3183197-scaled-1.jpg\" \/>\n\t<meta property=\"og:image:width\" content=\"2560\" \/>\n\t<meta property=\"og:image:height\" content=\"1708\" \/>\n\t<meta property=\"og:image:type\" content=\"image\/jpeg\" \/>\n<meta name=\"author\" content=\"hello@adgo.hu\" \/>\n<meta name=\"twitter:card\" content=\"summary_large_image\" \/>\n<meta name=\"twitter:label1\" content=\"\uae00\uc4f4\uc774\" \/>\n\t<meta name=\"twitter:data1\" content=\"hello@adgo.hu\" \/>\n\t<meta name=\"twitter:label2\" content=\"\uc608\uc0c1 \ub418\ub294 \ud310\ub3c5 \uc2dc\uac04\" \/>\n\t<meta name=\"twitter:data2\" content=\"4\ubd84\" \/>\n<script type=\"application\/ld+json\" class=\"yoast-schema-graph\">{\"@context\":\"https:\/\/schema.org\",\"@graph\":[{\"@type\":\"Article\",\"@id\":\"https:\/\/delego.hu\/hu\/jelek-amikor-munkahelyvaltason-kellene-gondolgoznod\/#article\",\"isPartOf\":{\"@id\":\"https:\/\/delego.hu\/hu\/jelek-amikor-munkahelyvaltason-kellene-gondolgoznod\/\"},\"author\":{\"name\":\"hello@adgo.hu\",\"@id\":\"https:\/\/delego.hu\/ru\/#\/schema\/person\/cb9507edb777b15e5e21f07e92c1d551\"},\"headline\":\"Jelek, amikor munkahelyv\u00e1lt\u00e1son kellene gondolgoznod\",\"datePublished\":\"2023-04-06T12:40:17+00:00\",\"dateModified\":\"2024-07-29T12:41:44+00:00\",\"mainEntityOfPage\":{\"@id\":\"https:\/\/delego.hu\/hu\/jelek-amikor-munkahelyvaltason-kellene-gondolgoznod\/\"},\"wordCount\":779,\"publisher\":{\"@id\":\"https:\/\/delego.hu\/ru\/#organization\"},\"image\":{\"@id\":\"https:\/\/delego.hu\/hu\/jelek-amikor-munkahelyvaltason-kellene-gondolgoznod\/#primaryimage\"},\"thumbnailUrl\":\"https:\/\/delego.hu\/wp-content\/uploads\/2024\/07\/pexels-fauxels-3183197-scaled-1.jpg\",\"articleSection\":[\"hasznos anyagok\"],\"inLanguage\":\"ko-KR\"},{\"@type\":\"WebPage\",\"@id\":\"https:\/\/delego.hu\/hu\/jelek-amikor-munkahelyvaltason-kellene-gondolgoznod\/\",\"url\":\"https:\/\/delego.hu\/hu\/jelek-amikor-munkahelyvaltason-kellene-gondolgoznod\/\",\"name\":\"Jelek, amikor munkahelyv\u00e1lt\u00e1son kellene gondolgoznod - Delego\",\"isPartOf\":{\"@id\":\"https:\/\/delego.hu\/ru\/#website\"},\"primaryImageOfPage\":{\"@id\":\"https:\/\/delego.hu\/hu\/jelek-amikor-munkahelyvaltason-kellene-gondolgoznod\/#primaryimage\"},\"image\":{\"@id\":\"https:\/\/delego.hu\/hu\/jelek-amikor-munkahelyvaltason-kellene-gondolgoznod\/#primaryimage\"},\"thumbnailUrl\":\"https:\/\/delego.hu\/wp-content\/uploads\/2024\/07\/pexels-fauxels-3183197-scaled-1.jpg\",\"datePublished\":\"2023-04-06T12:40:17+00:00\",\"dateModified\":\"2024-07-29T12:41:44+00:00\",\"breadcrumb\":{\"@id\":\"https:\/\/delego.hu\/hu\/jelek-amikor-munkahelyvaltason-kellene-gondolgoznod\/#breadcrumb\"},\"inLanguage\":\"ko-KR\",\"potentialAction\":[{\"@type\":\"ReadAction\",\"target\":[\"https:\/\/delego.hu\/hu\/jelek-amikor-munkahelyvaltason-kellene-gondolgoznod\/\"]}]},{\"@type\":\"ImageObject\",\"inLanguage\":\"ko-KR\",\"@id\":\"https:\/\/delego.hu\/hu\/jelek-amikor-munkahelyvaltason-kellene-gondolgoznod\/#primaryimage\",\"url\":\"https:\/\/delego.hu\/wp-content\/uploads\/2024\/07\/pexels-fauxels-3183197-scaled-1.jpg\",\"contentUrl\":\"https:\/\/delego.hu\/wp-content\/uploads\/2024\/07\/pexels-fauxels-3183197-scaled-1.jpg\",\"width\":2560,\"height\":1708,\"caption\":\"Munkahelyi gondok\"},{\"@type\":\"BreadcrumbList\",\"@id\":\"https:\/\/delego.hu\/hu\/jelek-amikor-munkahelyvaltason-kellene-gondolgoznod\/#breadcrumb\",\"itemListElement\":[{\"@type\":\"ListItem\",\"position\":1,\"name\":\"Kezd\u0151lap\",\"item\":\"https:\/\/delego.hu\/hu\/\"},{\"@type\":\"ListItem\",\"position\":2,\"name\":\"Jelek, amikor munkahelyv\u00e1lt\u00e1son kellene gondolgoznod\"}]},{\"@type\":\"WebSite\",\"@id\":\"https:\/\/delego.hu\/ru\/#website\",\"url\":\"https:\/\/delego.hu\/ru\/\",\"name\":\"Delego\",\"description\":\"\",\"publisher\":{\"@id\":\"https:\/\/delego.hu\/ru\/#organization\"},\"potentialAction\":[{\"@type\":\"SearchAction\",\"target\":{\"@type\":\"EntryPoint\",\"urlTemplate\":\"https:\/\/delego.hu\/ru\/?s={search_term_string}\"},\"query-input\":{\"@type\":\"PropertyValueSpecification\",\"valueRequired\":true,\"valueName\":\"search_term_string\"}}],\"inLanguage\":\"ko-KR\"},{\"@type\":\"Organization\",\"@id\":\"https:\/\/delego.hu\/ru\/#organization\",\"name\":\"Delego\",\"url\":\"https:\/\/delego.hu\/ru\/\",\"logo\":{\"@type\":\"ImageObject\",\"inLanguage\":\"ko-KR\",\"@id\":\"https:\/\/delego.hu\/ru\/#\/schema\/logo\/image\/\",\"url\":\"https:\/\/delego.hu\/wp-content\/uploads\/2024\/07\/logodelego.png\",\"contentUrl\":\"https:\/\/delego.hu\/wp-content\/uploads\/2024\/07\/logodelego.png\",\"width\":117,\"height\":50,\"caption\":\"Delego\"},\"image\":{\"@id\":\"https:\/\/delego.hu\/ru\/#\/schema\/logo\/image\/\"}},{\"@type\":\"Person\",\"@id\":\"https:\/\/delego.hu\/ru\/#\/schema\/person\/cb9507edb777b15e5e21f07e92c1d551\",\"name\":\"hello@adgo.hu\",\"image\":{\"@type\":\"ImageObject\",\"inLanguage\":\"ko-KR\",\"@id\":\"https:\/\/delego.hu\/ru\/#\/schema\/person\/image\/\",\"url\":\"https:\/\/secure.gravatar.com\/avatar\/a58524ee9079a1639e5acf69994c2b58f60dbab7e771ab829800f02cbfc8f006?s=96&d=mm&r=g\",\"contentUrl\":\"https:\/\/secure.gravatar.com\/avatar\/a58524ee9079a1639e5acf69994c2b58f60dbab7e771ab829800f02cbfc8f006?s=96&d=mm&r=g\",\"caption\":\"hello@adgo.hu\"},\"sameAs\":[\"http:\/\/delego.hu\"],\"url\":\"https:\/\/delego.hu\/ko\/author\/helloadgo-hu\/\"}]}<\/script>\n<!-- \/ Yoast SEO plugin. -->","yoast_head_json":{"title":"Jelek, amikor munkahelyv\u00e1lt\u00e1son kellene gondolgoznod - Delego","robots":{"index":"index","follow":"follow","max-snippet":"max-snippet:-1","max-image-preview":"max-image-preview:large","max-video-preview":"max-video-preview:-1"},"canonical":"https:\/\/delego.hu\/ko\/jelek-amikor-munkahelyvaltason-kellene-gondolgoznod\/","og_locale":"ko_KR","og_type":"article","og_title":"Jelek, amikor munkahelyv\u00e1lt\u00e1son kellene gondolgoznod - Delego","og_description":"Az ember \u00e9let\u00e9ben a munkahelye rendk\u00edv\u00fcl fontos szerepet j\u00e1tszik az \u00e9letmin\u0151s\u00e9g szempontj\u00e1b\u00f3l. Azonban, ha \u00e9szrevesz\u00fcnk bizonyos jeleket, amelyek arra utalhatnak, hogy m\u00e1r ideje lenne v\u00e1ltani, akkor \u00e9rdemes elgondolkodni az alternat\u00edv lehet\u0151s\u00e9geken. A munkahelyv\u00e1lt\u00e1s nem csak az \u00e9letmin\u0151s\u00e9g jav\u00edt\u00e1sa, hanem a szakmai fejl\u0151d\u00e9s \u00e9s az anyagi biztons\u00e1g n\u00f6vel\u00e9se is lehet. Elvesz\u00edtett\u00fck motiv\u00e1ci\u00f3nkat a munk\u00e1nk ir\u00e1nt, \u00e9s [&hellip;]","og_url":"https:\/\/delego.hu\/ko\/jelek-amikor-munkahelyvaltason-kellene-gondolgoznod\/","og_site_name":"Delego","article_published_time":"2023-04-06T12:40:17+00:00","article_modified_time":"2024-07-29T12:41:44+00:00","og_image":[{"width":2560,"height":1708,"url":"https:\/\/delego.hu\/wp-content\/uploads\/2024\/07\/pexels-fauxels-3183197-scaled-1.jpg","type":"image\/jpeg"}],"author":"hello@adgo.hu","twitter_card":"summary_large_image","twitter_misc":{"\uae00\uc4f4\uc774":"hello@adgo.hu","\uc608\uc0c1 \ub418\ub294 \ud310\ub3c5 \uc2dc\uac04":"4\ubd84"},"schema":{"@context":"https:\/\/schema.org","@graph":[{"@type":"Article","@id":"https:\/\/delego.hu\/hu\/jelek-amikor-munkahelyvaltason-kellene-gondolgoznod\/#article","isPartOf":{"@id":"https:\/\/delego.hu\/hu\/jelek-amikor-munkahelyvaltason-kellene-gondolgoznod\/"},"author":{"name":"hello@adgo.hu","@id":"https:\/\/delego.hu\/ru\/#\/schema\/person\/cb9507edb777b15e5e21f07e92c1d551"},"headline":"Jelek, amikor munkahelyv\u00e1lt\u00e1son kellene gondolgoznod","datePublished":"2023-04-06T12:40:17+00:00","dateModified":"2024-07-29T12:41:44+00:00","mainEntityOfPage":{"@id":"https:\/\/delego.hu\/hu\/jelek-amikor-munkahelyvaltason-kellene-gondolgoznod\/"},"wordCount":779,"publisher":{"@id":"https:\/\/delego.hu\/ru\/#organization"},"image":{"@id":"https:\/\/delego.hu\/hu\/jelek-amikor-munkahelyvaltason-kellene-gondolgoznod\/#primaryimage"},"thumbnailUrl":"https:\/\/delego.hu\/wp-content\/uploads\/2024\/07\/pexels-fauxels-3183197-scaled-1.jpg","articleSection":["hasznos anyagok"],"inLanguage":"ko-KR"},{"@type":"WebPage","@id":"https:\/\/delego.hu\/hu\/jelek-amikor-munkahelyvaltason-kellene-gondolgoznod\/","url":"https:\/\/delego.hu\/hu\/jelek-amikor-munkahelyvaltason-kellene-gondolgoznod\/","name":"Jelek, amikor munkahelyv\u00e1lt\u00e1son kellene gondolgoznod - Delego","isPartOf":{"@id":"https:\/\/delego.hu\/ru\/#website"},"primaryImageOfPage":{"@id":"https:\/\/delego.hu\/hu\/jelek-amikor-munkahelyvaltason-kellene-gondolgoznod\/#primaryimage"},"image":{"@id":"https:\/\/delego.hu\/hu\/jelek-amikor-munkahelyvaltason-kellene-gondolgoznod\/#primaryimage"},"thumbnailUrl":"https:\/\/delego.hu\/wp-content\/uploads\/2024\/07\/pexels-fauxels-3183197-scaled-1.jpg","datePublished":"2023-04-06T12:40:17+00:00","dateModified":"2024-07-29T12:41:44+00:00","breadcrumb":{"@id":"https:\/\/delego.hu\/hu\/jelek-amikor-munkahelyvaltason-kellene-gondolgoznod\/#breadcrumb"},"inLanguage":"ko-KR","potentialAction":[{"@type":"ReadAction","target":["https:\/\/delego.hu\/hu\/jelek-amikor-munkahelyvaltason-kellene-gondolgoznod\/"]}]},{"@type":"ImageObject","inLanguage":"ko-KR","@id":"https:\/\/delego.hu\/hu\/jelek-amikor-munkahelyvaltason-kellene-gondolgoznod\/#primaryimage","url":"https:\/\/delego.hu\/wp-content\/uploads\/2024\/07\/pexels-fauxels-3183197-scaled-1.jpg","contentUrl":"https:\/\/delego.hu\/wp-content\/uploads\/2024\/07\/pexels-fauxels-3183197-scaled-1.jpg","width":2560,"height":1708,"caption":"Munkahelyi gondok"},{"@type":"BreadcrumbList","@id":"https:\/\/delego.hu\/hu\/jelek-amikor-munkahelyvaltason-kellene-gondolgoznod\/#breadcrumb","itemListElement":[{"@type":"ListItem","position":1,"name":"Kezd\u0151lap","item":"https:\/\/delego.hu\/hu\/"},{"@type":"ListItem","position":2,"name":"Jelek, amikor munkahelyv\u00e1lt\u00e1son kellene gondolgoznod"}]},{"@type":"WebSite","@id":"https:\/\/delego.hu\/ru\/#website","url":"https:\/\/delego.hu\/ru\/","name":"Delego","description":"","publisher":{"@id":"https:\/\/delego.hu\/ru\/#organization"},"potentialAction":[{"@type":"SearchAction","target":{"@type":"EntryPoint","urlTemplate":"https:\/\/delego.hu\/ru\/?s={search_term_string}"},"query-input":{"@type":"PropertyValueSpecification","valueRequired":true,"valueName":"search_term_string"}}],"inLanguage":"ko-KR"},{"@type":"Organization","@id":"https:\/\/delego.hu\/ru\/#organization","name":"Delego","url":"https:\/\/delego.hu\/ru\/","logo":{"@type":"ImageObject","inLanguage":"ko-KR","@id":"https:\/\/delego.hu\/ru\/#\/schema\/logo\/image\/","url":"https:\/\/delego.hu\/wp-content\/uploads\/2024\/07\/logodelego.png","contentUrl":"https:\/\/delego.hu\/wp-content\/uploads\/2024\/07\/logodelego.png","width":117,"height":50,"caption":"Delego"},"image":{"@id":"https:\/\/delego.hu\/ru\/#\/schema\/logo\/image\/"}},{"@type":"Person","@id":"https:\/\/delego.hu\/ru\/#\/schema\/person\/cb9507edb777b15e5e21f07e92c1d551","name":"hello@adgo.hu","image":{"@type":"ImageObject","inLanguage":"ko-KR","@id":"https:\/\/delego.hu\/ru\/#\/schema\/person\/image\/","url":"https:\/\/secure.gravatar.com\/avatar\/a58524ee9079a1639e5acf69994c2b58f60dbab7e771ab829800f02cbfc8f006?s=96&d=mm&r=g","contentUrl":"https:\/\/secure.gravatar.com\/avatar\/a58524ee9079a1639e5acf69994c2b58f60dbab7e771ab829800f02cbfc8f006?s=96&d=mm&r=g","caption":"hello@adgo.hu"},"sameAs":["http:\/\/delego.hu"],"url":"https:\/\/delego.hu\/ko\/author\/helloadgo-hu\/"}]}},"_links":{"self":[{"href":"https:\/\/delego.hu\/ko\/wp-json\/wp\/v2\/posts\/658","targetHints":{"allow":["GET"]}}],"collection":[{"href":"https:\/\/delego.hu\/ko\/wp-json\/wp\/v2\/posts"}],"about":[{"href":"https:\/\/delego.hu\/ko\/wp-json\/wp\/v2\/types\/post"}],"author":[{"embeddable":true,"href":"https:\/\/delego.hu\/ko\/wp-json\/wp\/v2\/users\/1"}],"replies":[{"embeddable":true,"href":"https:\/\/delego.hu\/ko\/wp-json\/wp\/v2\/comments?post=658"}],"version-history":[{"count":1,"href":"https:\/\/delego.hu\/ko\/wp-json\/wp\/v2\/posts\/658\/revisions"}],"predecessor-version":[{"id":667,"href":"https:\/\/delego.hu\/ko\/wp-json\/wp\/v2\/posts\/658\/revisions\/667"}],"wp:featuredmedia":[{"embeddable":true,"href":"https:\/\/delego.hu\/ko\/wp-json\/wp\/v2\/media\/666"}],"wp:attachment":[{"href":"https:\/\/delego.hu\/ko\/wp-json\/wp\/v2\/media?parent=658"}],"wp:term":[{"taxonomy":"category","embeddable":true,"href":"https:\/\/delego.hu\/ko\/wp-json\/wp\/v2\/categories?post=658"},{"taxonomy":"post_tag","embeddable":true,"href":"https:\/\/delego.hu\/ko\/wp-json\/wp\/v2\/tags?post=658"}],"curies":[{"name":"wp","href":"https:\/\/api.w.org\/{rel}","templated":true}]}}