{"id":659,"date":"2023-04-25T12:37:59","date_gmt":"2023-04-25T12:37:59","guid":{"rendered":"https:\/\/delego.hu\/?p=659"},"modified":"2024-07-29T12:39:32","modified_gmt":"2024-07-29T12:39:32","slug":"itt-az-ideje-eltenni-a-munkaruhainkat-hiszen-majus-1-je-van","status":"publish","type":"post","link":"https:\/\/delego.hu\/hu\/itt-az-ideje-eltenni-a-munkaruhainkat-hiszen-majus-1-je-van\/","title":{"rendered":"Itt az ideje eltenni a munkaruh\u00e1inkat, hiszen m\u00e1jus 1-je van!"},"content":{"rendered":"<h1><strong>M\u00e1jus elseje egy fontos \u00fcnnepnap<\/strong> a munkav\u00e1llal\u00f3k sz\u00e1m\u00e1ra szerte a vil\u00e1gon. Ez a nap a <strong>munka \u00fcnnepe,<\/strong> amelyet \u00e9vente egyszer \u00fcnnepl\u00fcnk, hogy tisztelegj\u00fcnk a munkav\u00e1llal\u00f3k \u00e9s az \u00e1ltaluk el\u00e9rt sikerek el\u0151tt.<\/h1>\n<p>&nbsp;<\/p>\n<p>De mi\u00e9rt pont <strong>m\u00e1jus elseje?<\/strong> Nos, az els\u0151 munka\u00fcnnep 1890-ben ker\u00fclt megtart\u00e1sra az Egyes\u00fclt \u00c1llamokban, az\u00f3ta pedig sz\u00e1mos orsz\u00e1gban \u00fcnneplik ezt a napot.<\/p>\n<p>&nbsp;<\/p>\n<p>Magyarorsz\u00e1gon hagyom\u00e1nyosan m\u00e1jus elsej\u00e9n tartj\u00e1k a munka \u00fcnnep\u00e9t, \u00e9s az \u00fcnnepi esem\u00e9nyek sokak sz\u00e1m\u00e1ra fontosak. A k\u00f6z\u00f6ss\u00e9gi esem\u00e9nyeken val\u00f3 r\u00e9szv\u00e9tel mellett azonban \u00e9rdemes megeml\u00e9kezni a munka t\u00f6rt\u00e9nelm\u00e9r\u0151l is.<\/p>\n<p>&nbsp;<\/p>\n<p>A munka t\u00f6rt\u00e9nelm\u00e9nek egyik legfontosabb \u00e1llom\u00e1sa a munk\u00e1sok k\u00fczdelme az emberi m\u00e9lt\u00f3s\u00e1g\u00e9rt \u00e9s jogok\u00e9rt. Az ipari forradalom kor\u00e1ban a munk\u00e1sok \u00e1ltal\u00e1ban rossz k\u00f6r\u00fclm\u00e9nyek k\u00f6z\u00f6tt dolgoztak, \u00e9s nagyon alacsony fizet\u00e9sekkel kellett megel\u00e9gedni\u00fck. Az 1800-as \u00e9vek v\u00e9g\u00e9n \u00e9s a 1900-as \u00e9vek elej\u00e9n a munk\u00e1sok egyre t\u00f6bb szervezetet hoztak l\u00e9tre, hogy megv\u00e9dj\u00e9k jogait, \u00e9s ezek a szervezetek v\u00e9g\u00fcl a modern szakszervezetek alapjait k\u00e9pezt\u00e9k.<\/p>\n<p>&nbsp;<\/p>\n<p>A munka \u00fcnnep\u00e9t teh\u00e1t nem csak a <a href=\"https:\/\/delego.hu\/2022\/06\/07\/5-tipp-a-munkahelyi-stressz-lekuzdesere\/\">kem\u00e9ny munka<\/a> \u00fcnnepl\u00e9s\u00e9r\u0151l sz\u00f3l, hanem a munk\u00e1sok \u00e1ltal el\u00e9rt eredm\u00e9nyekr\u0151l is. Az \u00fcnnepi esem\u00e9nyeknek pedig az a l\u00e9nyege, hogy a munk\u00e1sokat meg\u00fcnnepelj\u00e9k \u00e9s megbecs\u00fclj\u00e9k a kem\u00e9ny munk\u00e1jukat. Az \u00e9let\u00fcnk nagy r\u00e9sz\u00e9t a munka t\u00f6lti ki, \u00edgy fontos, hogy \u00e9lvezz\u00fck \u00e9s megbecs\u00fclj\u00fck azt, amit csin\u00e1lunk.<\/p>\n<p>&nbsp;<\/p>\n<h2>Budapesten sz\u00e1mos program \u00e9s esem\u00e9ny v\u00e1rja az embereket a munka \u00fcnnep\u00e9n. Az al\u00e1bbiakban \u00f6sszegy\u0171jt\u00f6tt\u00fcnk n\u00e9h\u00e1ny lehet\u0151s\u00e9get, hogy hogyan lehet ezt az \u00fcnnepet tartalmasan elt\u00f6lteni.<\/h2>\n<p>&nbsp;<\/p>\n<ol>\n<li><strong>S\u00fcll\u0151fesztiv\u00e1l Velence<br \/>\n<\/strong>\u00e1prilis 28 &#8211; m\u00e1jus 1.<\/li>\n<\/ol>\n<p>Egyik legnemesebb hazai ragadoz\u00f3 halunk a s\u00fcll\u0151 \u00e9s egyben a s\u00fcg\u00e9rf\u00e9l\u00e9k legnagyobb k\u00e9pvisel\u0151je vizeinkben.&#8221; &#8211; Tartja a legt\u00f6bb horg\u00e1sz, s \u00e9ppen ez\u00e9rt az egyik legnagyszer\u0171bb egyben s\u00fct\u00f6tt halfajt\u00e1nk is. B\u00e1r sz\u00e1mos elk\u00e9sz\u00edt\u00e9se m\u00f3dja l\u00e9tezik, de a legkedveltebb a paprik\u00e1s lisztben forgatott, s\u00f3zott, fokhagym\u00e1s v\u00e1ltozata, amihez petrezselymes par\u00e1zs burgonya passzol igaz\u00e1n.<\/p>\n<p>De nem csak s\u00fcll\u0151, hanem vizeink valamennyi pikkelyese megtal\u00e1lhat\u00f3 lesz, term\u00e9szetesen j\u00f3l megforgatva, ropog\u00f3sra s\u00fctve! \u00c9hes vagy m\u00e1r?<\/p>\n<p>Fentieken k\u00edv\u00fcl vid\u00e1mpark, j\u00e1tsz\u00f3h\u00e1z, sz\u00ednpadi programok \u00e9s k\u00e9zm\u0171ves foglalkoz\u00e1s is v\u00e1rj a l\u00e1togat\u00f3kat. Helysz\u00edn: Velence Korz\u00f3<\/p>\n<p>&nbsp;<\/p>\n<ol start=\"2\">\n<li><strong>V\u00e1rosligeti Maj\u00e1lis 2023<\/strong><\/li>\n<\/ol>\n<p>A \u00a0V\u00e1rosligetben megrendez\u00e9sre ker\u00fcl\u0151 Maj\u00e1lis sok szeretettel v\u00e1rja a maj\u00e1lisozni k\u00edv\u00e1n\u00f3kat 2023. \u00e1prilis 29-30. \u00e9s m\u00e1jus 1. k\u00f6z\u00f6tt! Eg\u00e9sz napos vid\u00e1mparkkal, finom falatokkal \u00e9s szuper programokkal!<\/p>\n<p>&nbsp;<\/p>\n<ol start=\"3\">\n<li><strong>Maj\u00e1lis V\u00e1s\u00e1rosnam\u00e9ny 2023<br \/>\n<\/strong>\u00e1prilis 29., 30., m\u00e1jus 1.<\/li>\n<\/ol>\n<p>A <strong>h\u00e1rom napos hossz\u00fa h\u00e9tv\u00e9g\u00e9n<\/strong> mind a 3 napon k\u00fcl\u00f6nb\u00f6z\u0151 programmal v\u00e1rj\u00e1k a vend\u00e9geket a Movie Planet Tematikus Csal\u00e1di \u00c9lm\u00e9nyparkban.<\/p>\n<p>&nbsp;<\/p>\n<p>\u00d6sszess\u00e9g\u00e9ben, a munka \u00fcnnepe nem csak az \u00fcnnepl\u00e9sr\u0151l sz\u00f3l, hanem az eml\u00e9kez\u00e9sr\u0151l is a munka t\u00f6rt\u00e9nelm\u00e9re \u00e9s a munk\u00e1sok \u00e1ltal el\u00e9rt eredm\u00e9nyekre. Az \u00fcnnepi esem\u00e9nyek a munk\u00e1sok megbecs\u00fcl\u00e9s\u00e9r\u0151l sz\u00f3lnak, akik mindennap kem\u00e9nyen dolgoznak az\u00e9rt, hogy \u00e9let\u00fcnket jobb\u00e1 tegy\u00e9k. Az \u00e1ltalam \u00f6sszegy\u0171jt\u00f6tt programaj\u00e1nl\u00f3k pedig remek lehet\u0151s\u00e9get biztos\u00edtanak arra, hogy ezt az \u00fcnnepet vid\u00e1m \u00e9s tartalmas m\u00f3don t\u00f6lts\u00fck el csal\u00e1dunkkal vagy bar\u00e1tainkkal egy\u00fctt. Sz\u00f3val, \u00e9lvezz\u00fck ki a hossz\u00fa h\u00e9tv\u00e9g\u00e9t, \u00e9s <a href=\"https:\/\/delego.hu\/2023\/03\/09\/miert-van-szuksegunk-pihenesre\/\">pihenj\u00fcnk<\/a> ki egy kicsit a kem\u00e9ny munka ut\u00e1n!<\/p>\n<p><a href=\"https:\/\/hr.delegoallas.hu\/jobs?\"><strong>Azt k\u00f6vet\u0151en, hogy kipihented magad, n\u00e9zz sz\u00e9t \u00e1ll\u00e1slehet\u0151s\u00e9geink k\u00f6z\u00f6tt.\u00a0<\/strong><\/a><\/p>\n","protected":false},"excerpt":{"rendered":"<p>M\u00e1jus elseje egy fontos \u00fcnnepnap a munkav\u00e1llal\u00f3k sz\u00e1m\u00e1ra szerte a vil\u00e1gon. Ez a nap a munka \u00fcnnepe, amelyet \u00e9vente egyszer \u00fcnnepl\u00fcnk, hogy tisztelegj\u00fcnk a munkav\u00e1llal\u00f3k \u00e9s az \u00e1ltaluk el\u00e9rt sikerek el\u0151tt. &nbsp; De mi\u00e9rt pont m\u00e1jus elseje? Nos, az els\u0151 munka\u00fcnnep 1890-ben ker\u00fclt megtart\u00e1sra az Egyes\u00fclt \u00c1llamokban, az\u00f3ta pedig sz\u00e1mos orsz\u00e1gban \u00fcnneplik ezt a napot. [&hellip;]<\/p>\n","protected":false},"author":1,"featured_media":665,"comment_status":"closed","ping_status":"open","sticky":false,"template":"","format":"standard","meta":{"_acf_changed":false,"footnotes":""},"categories":[10],"tags":[],"class_list":["post-659","post","type-post","status-publish","format-standard","has-post-thumbnail","hentry","category-hasznos-anyagok"],"acf":[],"yoast_head":"<!-- This site is optimized with the Yoast SEO plugin v25.3 - https:\/\/yoast.com\/wordpress\/plugins\/seo\/ -->\n<title>Itt az ideje eltenni a munkaruh\u00e1inkat, hiszen m\u00e1jus 1-je van! - Delego<\/title>\n<meta name=\"robots\" content=\"index, follow, max-snippet:-1, max-image-preview:large, max-video-preview:-1\" \/>\n<link rel=\"canonical\" href=\"https:\/\/delego.hu\/hu\/itt-az-ideje-eltenni-a-munkaruhainkat-hiszen-majus-1-je-van\/\" \/>\n<meta property=\"og:locale\" content=\"hu_HU\" \/>\n<meta property=\"og:type\" content=\"article\" \/>\n<meta property=\"og:title\" content=\"Itt az ideje eltenni a munkaruh\u00e1inkat, hiszen m\u00e1jus 1-je van! - Delego\" \/>\n<meta property=\"og:description\" content=\"M\u00e1jus elseje egy fontos \u00fcnnepnap a munkav\u00e1llal\u00f3k sz\u00e1m\u00e1ra szerte a vil\u00e1gon. Ez a nap a munka \u00fcnnepe, amelyet \u00e9vente egyszer \u00fcnnepl\u00fcnk, hogy tisztelegj\u00fcnk a munkav\u00e1llal\u00f3k \u00e9s az \u00e1ltaluk el\u00e9rt sikerek el\u0151tt. &nbsp; De mi\u00e9rt pont m\u00e1jus elseje? Nos, az els\u0151 munka\u00fcnnep 1890-ben ker\u00fclt megtart\u00e1sra az Egyes\u00fclt \u00c1llamokban, az\u00f3ta pedig sz\u00e1mos orsz\u00e1gban \u00fcnneplik ezt a napot. [&hellip;]\" \/>\n<meta property=\"og:url\" content=\"https:\/\/delego.hu\/hu\/itt-az-ideje-eltenni-a-munkaruhainkat-hiszen-majus-1-je-van\/\" \/>\n<meta property=\"og:site_name\" content=\"Delego\" \/>\n<meta property=\"article:published_time\" content=\"2023-04-25T12:37:59+00:00\" \/>\n<meta property=\"article:modified_time\" content=\"2024-07-29T12:39:32+00:00\" \/>\n<meta property=\"og:image\" content=\"https:\/\/delego.hu\/wp-content\/uploads\/2023\/04\/pexels-sergio-souza-1782146-scaled-1.jpg\" \/>\n\t<meta property=\"og:image:width\" content=\"2560\" \/>\n\t<meta property=\"og:image:height\" content=\"1707\" \/>\n\t<meta property=\"og:image:type\" content=\"image\/jpeg\" \/>\n<meta name=\"author\" content=\"hello@adgo.hu\" \/>\n<meta name=\"twitter:card\" content=\"summary_large_image\" \/>\n<meta name=\"twitter:label1\" content=\"Szerz\u0151:\" \/>\n\t<meta name=\"twitter:data1\" content=\"hello@adgo.hu\" \/>\n\t<meta name=\"twitter:label2\" content=\"Becs\u00fclt olvas\u00e1si id\u0151\" \/>\n\t<meta name=\"twitter:data2\" content=\"4 perc\" \/>\n<script type=\"application\/ld+json\" class=\"yoast-schema-graph\">{\"@context\":\"https:\/\/schema.org\",\"@graph\":[{\"@type\":\"Article\",\"@id\":\"https:\/\/delego.hu\/hu\/itt-az-ideje-eltenni-a-munkaruhainkat-hiszen-majus-1-je-van\/#article\",\"isPartOf\":{\"@id\":\"https:\/\/delego.hu\/hu\/itt-az-ideje-eltenni-a-munkaruhainkat-hiszen-majus-1-je-van\/\"},\"author\":{\"name\":\"hello@adgo.hu\",\"@id\":\"https:\/\/delego.hu\/ru\/#\/schema\/person\/cb9507edb777b15e5e21f07e92c1d551\"},\"headline\":\"Itt az ideje eltenni a munkaruh\u00e1inkat, hiszen m\u00e1jus 1-je van!\",\"datePublished\":\"2023-04-25T12:37:59+00:00\",\"dateModified\":\"2024-07-29T12:39:32+00:00\",\"mainEntityOfPage\":{\"@id\":\"https:\/\/delego.hu\/hu\/itt-az-ideje-eltenni-a-munkaruhainkat-hiszen-majus-1-je-van\/\"},\"wordCount\":718,\"publisher\":{\"@id\":\"https:\/\/delego.hu\/ru\/#organization\"},\"image\":{\"@id\":\"https:\/\/delego.hu\/hu\/itt-az-ideje-eltenni-a-munkaruhainkat-hiszen-majus-1-je-van\/#primaryimage\"},\"thumbnailUrl\":\"https:\/\/delego.hu\/wp-content\/uploads\/2023\/04\/pexels-sergio-souza-1782146-scaled-1.jpg\",\"articleSection\":[\"hasznos anyagok\"],\"inLanguage\":\"hu\"},{\"@type\":\"WebPage\",\"@id\":\"https:\/\/delego.hu\/hu\/itt-az-ideje-eltenni-a-munkaruhainkat-hiszen-majus-1-je-van\/\",\"url\":\"https:\/\/delego.hu\/hu\/itt-az-ideje-eltenni-a-munkaruhainkat-hiszen-majus-1-je-van\/\",\"name\":\"Itt az ideje eltenni a munkaruh\u00e1inkat, hiszen m\u00e1jus 1-je van! - Delego\",\"isPartOf\":{\"@id\":\"https:\/\/delego.hu\/ru\/#website\"},\"primaryImageOfPage\":{\"@id\":\"https:\/\/delego.hu\/hu\/itt-az-ideje-eltenni-a-munkaruhainkat-hiszen-majus-1-je-van\/#primaryimage\"},\"image\":{\"@id\":\"https:\/\/delego.hu\/hu\/itt-az-ideje-eltenni-a-munkaruhainkat-hiszen-majus-1-je-van\/#primaryimage\"},\"thumbnailUrl\":\"https:\/\/delego.hu\/wp-content\/uploads\/2023\/04\/pexels-sergio-souza-1782146-scaled-1.jpg\",\"datePublished\":\"2023-04-25T12:37:59+00:00\",\"dateModified\":\"2024-07-29T12:39:32+00:00\",\"breadcrumb\":{\"@id\":\"https:\/\/delego.hu\/hu\/itt-az-ideje-eltenni-a-munkaruhainkat-hiszen-majus-1-je-van\/#breadcrumb\"},\"inLanguage\":\"hu\",\"potentialAction\":[{\"@type\":\"ReadAction\",\"target\":[\"https:\/\/delego.hu\/hu\/itt-az-ideje-eltenni-a-munkaruhainkat-hiszen-majus-1-je-van\/\"]}]},{\"@type\":\"ImageObject\",\"inLanguage\":\"hu\",\"@id\":\"https:\/\/delego.hu\/hu\/itt-az-ideje-eltenni-a-munkaruhainkat-hiszen-majus-1-je-van\/#primaryimage\",\"url\":\"https:\/\/delego.hu\/wp-content\/uploads\/2023\/04\/pexels-sergio-souza-1782146-scaled-1.jpg\",\"contentUrl\":\"https:\/\/delego.hu\/wp-content\/uploads\/2023\/04\/pexels-sergio-souza-1782146-scaled-1.jpg\",\"width\":2560,\"height\":1707,\"caption\":\"programaj\u00e1nl\u00f3\"},{\"@type\":\"BreadcrumbList\",\"@id\":\"https:\/\/delego.hu\/hu\/itt-az-ideje-eltenni-a-munkaruhainkat-hiszen-majus-1-je-van\/#breadcrumb\",\"itemListElement\":[{\"@type\":\"ListItem\",\"position\":1,\"name\":\"Kezd\u0151lap\",\"item\":\"https:\/\/delego.hu\/hu\/\"},{\"@type\":\"ListItem\",\"position\":2,\"name\":\"Itt az ideje eltenni a munkaruh\u00e1inkat, hiszen m\u00e1jus 1-je van!\"}]},{\"@type\":\"WebSite\",\"@id\":\"https:\/\/delego.hu\/ru\/#website\",\"url\":\"https:\/\/delego.hu\/ru\/\",\"name\":\"Delego\",\"description\":\"\",\"publisher\":{\"@id\":\"https:\/\/delego.hu\/ru\/#organization\"},\"potentialAction\":[{\"@type\":\"SearchAction\",\"target\":{\"@type\":\"EntryPoint\",\"urlTemplate\":\"https:\/\/delego.hu\/ru\/?s={search_term_string}\"},\"query-input\":{\"@type\":\"PropertyValueSpecification\",\"valueRequired\":true,\"valueName\":\"search_term_string\"}}],\"inLanguage\":\"hu\"},{\"@type\":\"Organization\",\"@id\":\"https:\/\/delego.hu\/ru\/#organization\",\"name\":\"Delego\",\"url\":\"https:\/\/delego.hu\/ru\/\",\"logo\":{\"@type\":\"ImageObject\",\"inLanguage\":\"hu\",\"@id\":\"https:\/\/delego.hu\/ru\/#\/schema\/logo\/image\/\",\"url\":\"https:\/\/delego.hu\/wp-content\/uploads\/2024\/07\/logodelego.png\",\"contentUrl\":\"https:\/\/delego.hu\/wp-content\/uploads\/2024\/07\/logodelego.png\",\"width\":117,\"height\":50,\"caption\":\"Delego\"},\"image\":{\"@id\":\"https:\/\/delego.hu\/ru\/#\/schema\/logo\/image\/\"}},{\"@type\":\"Person\",\"@id\":\"https:\/\/delego.hu\/ru\/#\/schema\/person\/cb9507edb777b15e5e21f07e92c1d551\",\"name\":\"hello@adgo.hu\",\"image\":{\"@type\":\"ImageObject\",\"inLanguage\":\"hu\",\"@id\":\"https:\/\/delego.hu\/ru\/#\/schema\/person\/image\/\",\"url\":\"https:\/\/secure.gravatar.com\/avatar\/a58524ee9079a1639e5acf69994c2b58f60dbab7e771ab829800f02cbfc8f006?s=96&d=mm&r=g\",\"contentUrl\":\"https:\/\/secure.gravatar.com\/avatar\/a58524ee9079a1639e5acf69994c2b58f60dbab7e771ab829800f02cbfc8f006?s=96&d=mm&r=g\",\"caption\":\"hello@adgo.hu\"},\"sameAs\":[\"http:\/\/delego.hu\"],\"url\":\"https:\/\/delego.hu\/hu\/author\/helloadgo-hu\/\"}]}<\/script>\n<!-- \/ Yoast SEO plugin. -->","yoast_head_json":{"title":"Itt az ideje eltenni a munkaruh\u00e1inkat, hiszen m\u00e1jus 1-je van! - Delego","robots":{"index":"index","follow":"follow","max-snippet":"max-snippet:-1","max-image-preview":"max-image-preview:large","max-video-preview":"max-video-preview:-1"},"canonical":"https:\/\/delego.hu\/hu\/itt-az-ideje-eltenni-a-munkaruhainkat-hiszen-majus-1-je-van\/","og_locale":"hu_HU","og_type":"article","og_title":"Itt az ideje eltenni a munkaruh\u00e1inkat, hiszen m\u00e1jus 1-je van! - Delego","og_description":"M\u00e1jus elseje egy fontos \u00fcnnepnap a munkav\u00e1llal\u00f3k sz\u00e1m\u00e1ra szerte a vil\u00e1gon. Ez a nap a munka \u00fcnnepe, amelyet \u00e9vente egyszer \u00fcnnepl\u00fcnk, hogy tisztelegj\u00fcnk a munkav\u00e1llal\u00f3k \u00e9s az \u00e1ltaluk el\u00e9rt sikerek el\u0151tt. &nbsp; De mi\u00e9rt pont m\u00e1jus elseje? Nos, az els\u0151 munka\u00fcnnep 1890-ben ker\u00fclt megtart\u00e1sra az Egyes\u00fclt \u00c1llamokban, az\u00f3ta pedig sz\u00e1mos orsz\u00e1gban \u00fcnneplik ezt a napot. [&hellip;]","og_url":"https:\/\/delego.hu\/hu\/itt-az-ideje-eltenni-a-munkaruhainkat-hiszen-majus-1-je-van\/","og_site_name":"Delego","article_published_time":"2023-04-25T12:37:59+00:00","article_modified_time":"2024-07-29T12:39:32+00:00","og_image":[{"width":2560,"height":1707,"url":"https:\/\/delego.hu\/wp-content\/uploads\/2023\/04\/pexels-sergio-souza-1782146-scaled-1.jpg","type":"image\/jpeg"}],"author":"hello@adgo.hu","twitter_card":"summary_large_image","twitter_misc":{"Szerz\u0151:":"hello@adgo.hu","Becs\u00fclt olvas\u00e1si id\u0151":"4 perc"},"schema":{"@context":"https:\/\/schema.org","@graph":[{"@type":"Article","@id":"https:\/\/delego.hu\/hu\/itt-az-ideje-eltenni-a-munkaruhainkat-hiszen-majus-1-je-van\/#article","isPartOf":{"@id":"https:\/\/delego.hu\/hu\/itt-az-ideje-eltenni-a-munkaruhainkat-hiszen-majus-1-je-van\/"},"author":{"name":"hello@adgo.hu","@id":"https:\/\/delego.hu\/ru\/#\/schema\/person\/cb9507edb777b15e5e21f07e92c1d551"},"headline":"Itt az ideje eltenni a munkaruh\u00e1inkat, hiszen m\u00e1jus 1-je van!","datePublished":"2023-04-25T12:37:59+00:00","dateModified":"2024-07-29T12:39:32+00:00","mainEntityOfPage":{"@id":"https:\/\/delego.hu\/hu\/itt-az-ideje-eltenni-a-munkaruhainkat-hiszen-majus-1-je-van\/"},"wordCount":718,"publisher":{"@id":"https:\/\/delego.hu\/ru\/#organization"},"image":{"@id":"https:\/\/delego.hu\/hu\/itt-az-ideje-eltenni-a-munkaruhainkat-hiszen-majus-1-je-van\/#primaryimage"},"thumbnailUrl":"https:\/\/delego.hu\/wp-content\/uploads\/2023\/04\/pexels-sergio-souza-1782146-scaled-1.jpg","articleSection":["hasznos anyagok"],"inLanguage":"hu"},{"@type":"WebPage","@id":"https:\/\/delego.hu\/hu\/itt-az-ideje-eltenni-a-munkaruhainkat-hiszen-majus-1-je-van\/","url":"https:\/\/delego.hu\/hu\/itt-az-ideje-eltenni-a-munkaruhainkat-hiszen-majus-1-je-van\/","name":"Itt az ideje eltenni a munkaruh\u00e1inkat, hiszen m\u00e1jus 1-je van! - Delego","isPartOf":{"@id":"https:\/\/delego.hu\/ru\/#website"},"primaryImageOfPage":{"@id":"https:\/\/delego.hu\/hu\/itt-az-ideje-eltenni-a-munkaruhainkat-hiszen-majus-1-je-van\/#primaryimage"},"image":{"@id":"https:\/\/delego.hu\/hu\/itt-az-ideje-eltenni-a-munkaruhainkat-hiszen-majus-1-je-van\/#primaryimage"},"thumbnailUrl":"https:\/\/delego.hu\/wp-content\/uploads\/2023\/04\/pexels-sergio-souza-1782146-scaled-1.jpg","datePublished":"2023-04-25T12:37:59+00:00","dateModified":"2024-07-29T12:39:32+00:00","breadcrumb":{"@id":"https:\/\/delego.hu\/hu\/itt-az-ideje-eltenni-a-munkaruhainkat-hiszen-majus-1-je-van\/#breadcrumb"},"inLanguage":"hu","potentialAction":[{"@type":"ReadAction","target":["https:\/\/delego.hu\/hu\/itt-az-ideje-eltenni-a-munkaruhainkat-hiszen-majus-1-je-van\/"]}]},{"@type":"ImageObject","inLanguage":"hu","@id":"https:\/\/delego.hu\/hu\/itt-az-ideje-eltenni-a-munkaruhainkat-hiszen-majus-1-je-van\/#primaryimage","url":"https:\/\/delego.hu\/wp-content\/uploads\/2023\/04\/pexels-sergio-souza-1782146-scaled-1.jpg","contentUrl":"https:\/\/delego.hu\/wp-content\/uploads\/2023\/04\/pexels-sergio-souza-1782146-scaled-1.jpg","width":2560,"height":1707,"caption":"programaj\u00e1nl\u00f3"},{"@type":"BreadcrumbList","@id":"https:\/\/delego.hu\/hu\/itt-az-ideje-eltenni-a-munkaruhainkat-hiszen-majus-1-je-van\/#breadcrumb","itemListElement":[{"@type":"ListItem","position":1,"name":"Kezd\u0151lap","item":"https:\/\/delego.hu\/hu\/"},{"@type":"ListItem","position":2,"name":"Itt az ideje eltenni a munkaruh\u00e1inkat, hiszen m\u00e1jus 1-je van!"}]},{"@type":"WebSite","@id":"https:\/\/delego.hu\/ru\/#website","url":"https:\/\/delego.hu\/ru\/","name":"Delego","description":"","publisher":{"@id":"https:\/\/delego.hu\/ru\/#organization"},"potentialAction":[{"@type":"SearchAction","target":{"@type":"EntryPoint","urlTemplate":"https:\/\/delego.hu\/ru\/?s={search_term_string}"},"query-input":{"@type":"PropertyValueSpecification","valueRequired":true,"valueName":"search_term_string"}}],"inLanguage":"hu"},{"@type":"Organization","@id":"https:\/\/delego.hu\/ru\/#organization","name":"Delego","url":"https:\/\/delego.hu\/ru\/","logo":{"@type":"ImageObject","inLanguage":"hu","@id":"https:\/\/delego.hu\/ru\/#\/schema\/logo\/image\/","url":"https:\/\/delego.hu\/wp-content\/uploads\/2024\/07\/logodelego.png","contentUrl":"https:\/\/delego.hu\/wp-content\/uploads\/2024\/07\/logodelego.png","width":117,"height":50,"caption":"Delego"},"image":{"@id":"https:\/\/delego.hu\/ru\/#\/schema\/logo\/image\/"}},{"@type":"Person","@id":"https:\/\/delego.hu\/ru\/#\/schema\/person\/cb9507edb777b15e5e21f07e92c1d551","name":"hello@adgo.hu","image":{"@type":"ImageObject","inLanguage":"hu","@id":"https:\/\/delego.hu\/ru\/#\/schema\/person\/image\/","url":"https:\/\/secure.gravatar.com\/avatar\/a58524ee9079a1639e5acf69994c2b58f60dbab7e771ab829800f02cbfc8f006?s=96&d=mm&r=g","contentUrl":"https:\/\/secure.gravatar.com\/avatar\/a58524ee9079a1639e5acf69994c2b58f60dbab7e771ab829800f02cbfc8f006?s=96&d=mm&r=g","caption":"hello@adgo.hu"},"sameAs":["http:\/\/delego.hu"],"url":"https:\/\/delego.hu\/hu\/author\/helloadgo-hu\/"}]}},"_links":{"self":[{"href":"https:\/\/delego.hu\/hu\/wp-json\/wp\/v2\/posts\/659","targetHints":{"allow":["GET"]}}],"collection":[{"href":"https:\/\/delego.hu\/hu\/wp-json\/wp\/v2\/posts"}],"about":[{"href":"https:\/\/delego.hu\/hu\/wp-json\/wp\/v2\/types\/post"}],"author":[{"embeddable":true,"href":"https:\/\/delego.hu\/hu\/wp-json\/wp\/v2\/users\/1"}],"replies":[{"embeddable":true,"href":"https:\/\/delego.hu\/hu\/wp-json\/wp\/v2\/comments?post=659"}],"version-history":[{"count":1,"href":"https:\/\/delego.hu\/hu\/wp-json\/wp\/v2\/posts\/659\/revisions"}],"predecessor-version":[{"id":664,"href":"https:\/\/delego.hu\/hu\/wp-json\/wp\/v2\/posts\/659\/revisions\/664"}],"wp:featuredmedia":[{"embeddable":true,"href":"https:\/\/delego.hu\/hu\/wp-json\/wp\/v2\/media\/665"}],"wp:attachment":[{"href":"https:\/\/delego.hu\/hu\/wp-json\/wp\/v2\/media?parent=659"}],"wp:term":[{"taxonomy":"category","embeddable":true,"href":"https:\/\/delego.hu\/hu\/wp-json\/wp\/v2\/categories?post=659"},{"taxonomy":"post_tag","embeddable":true,"href":"https:\/\/delego.hu\/hu\/wp-json\/wp\/v2\/tags?post=659"}],"curies":[{"name":"wp","href":"https:\/\/api.w.org\/{rel}","templated":true}]}}