{"id":657,"date":"2023-03-09T12:42:26","date_gmt":"2023-03-09T12:42:26","guid":{"rendered":"https:\/\/delego.hu\/?p=657"},"modified":"2024-07-29T13:46:32","modified_gmt":"2024-07-29T13:46:32","slug":"miert-van-szuksegunk-pihenesre","status":"publish","type":"post","link":"https:\/\/delego.hu\/en\/miert-van-szuksegunk-pihenesre\/","title":{"rendered":"Mi\u00e9rt van sz\u00fcks\u00e9g\u00fcnk pihen\u00e9sre?"},"content":{"rendered":"<h5>Ha<a href=\"https:\/\/delego.hu\/en\/2022\/07\/08\/a-gyari-munka-elonyei-es-kihivasai\/\"> gy\u00e1rt\u00e1s\/termel\u00e9si<\/a> ter\u00fclet\u00e9n dolgozol, val\u00f3sz\u00edn\u0171leg sokat tudsz arr\u00f3l, hogy milyen neh\u00e9z \u00e9s megterhel\u0151 lehet egy-egy h\u00faz\u00f3sabb munkanap. Az \u00e1lland\u00f3 fizikai ig\u00e9nybev\u00e9tel \u00e9s a munka\u00f3r\u00e1k hossz\u00fas\u00e1ga k\u00f6nnyen vezethet a kimer\u00fclts\u00e9ghez, k\u00e9s\u0151bb ki\u00e9g\u00e9shez. Fontos, hogy odafigyelj a pihen\u00e9sre \u00e9s a regener\u00e1l\u00f3d\u00e1sra, hogy a munk\u00e1d hat\u00e9konyabb, az \u00e9leted pedig eg\u00e9szs\u00e9gesebb legyen.<br \/>\nA mai cikk\u00fcnkben err\u0151l lesz sz\u00f3! \ud83d\ude0a<\/h5>\n<h5>Na de mi\u00e9rt is fontos a pihen\u00e9s?<\/h5>\n<p>A fizikai munka sor\u00e1n az izmok \u00e9s az idegrendszer folyamatosan terhel\u00e9snek vannak kit\u00e9ve. Ha nincs megfelel\u0151 \u00e9s rendszeres sz\u00fcnet a munkafolyamatok k\u00f6z\u00f6tt, akkor ezek a terhel\u00e9sek hossz\u00fa t\u00e1von k\u00e1ros hat\u00e1ssal lehetnek az eg\u00e9szs\u00e9gre, mind fizikai, mind ment\u00e1lis \u00e9rtelemben. A f\u00e1radts\u00e1g \u00e9s a <a href=\"https:\/\/delego.hu\/en\/2022\/06\/07\/5-tipp-a-munkahelyi-stressz-lekuzdesere\/\">stressz<\/a> cs\u00f6kkenti a figyelmet, n\u00f6veli a balesetek kock\u00e1zat\u00e1t, mik\u00f6zben a termel\u00e9kenys\u00e9g \u00e9s min\u0151s\u00e9g rov\u00e1s\u00e1ra is megy. A stressz hat\u00e1s\u00e1ra kisebb lesz az ingerk\u00fcsz\u00f6b \u00e9s a munkat\u00e1rsak k\u00f6z\u00f6tti konfliktusok is gyakrabban el\u0151fordulhatnak.<\/p>\n<p>\u00c9ppen ez\u00e9rt nagyon fontos, hogy megfelel\u0151 hangs\u00falyt fektess\u00fcnk a pihen\u00e9sre mivel munka ide vagy oda, de az eg\u00e9szs\u00e9g mindenki sz\u00e1m\u00e1ra a legfontosabb! \ud83d\ude0a<\/p>\n<p>A k\u00f6vetkez\u0151 tippek seg\u00edthetnek abban, jobban figyelj\u00fcnk erre:<\/p>\n<ol>\n<li>\n<h5><strong>Figyelj az alv\u00e1sra<\/strong><\/h5>\n<\/li>\n<\/ol>\n<p>A megfelel\u0151 <a href=\"https:\/\/onlinelibrary.wiley.com\/doi\/abs\/10.1111\/j.1365-2869.2010.00890.x\">alv\u00e1s<\/a> nagyon fontos a fizikai munk\u00e1t v\u00e9gz\u0151k sz\u00e1m\u00e1ra is. A szervezetnek sz\u00fcks\u00e9ge van a pihen\u00e9sre, hogy regener\u00e1l\u00f3djon \u00e9s \u00fajra felt\u00f6lt\u0151dj\u00f6n. Pr\u00f3b\u00e1lj minden nap legal\u00e1bb 7-8 \u00f3r\u00e1t aludni.<\/p>\n<ol start=\"2\">\n<li>\n<h5><strong>Mozogj a szabadid\u0151dben<\/strong><\/h5>\n<\/li>\n<\/ol>\n<p>A testmozg\u00e1s seg\u00edthet az izmok ellazul\u00e1s\u00e1ban \u00e9s a stressz lek\u00fczd\u00e9s\u00e9ben. Pr\u00f3b\u00e1lj meg hetente v\u00e9gezni valamilyen testmozg\u00e1st munkaid\u0151 ut\u00e1n, p\u00e9ld\u00e1ul s\u00e9t\u00e1lj vagy biciklizz a szabadban. Ha a munka sor\u00e1n sokat \u00e1llsz, akkor fontos, hogy pihentesd a l\u00e1baidat \u00e9s az \u00edz\u00fcleteidet.<\/p>\n<ol start=\"3\">\n<li>\n<h5><strong>T\u00e1pl\u00e1lkozz megfelel\u0151en<\/strong><\/h5>\n<\/li>\n<\/ol>\n<p>A megfelel\u0151 t\u00e1pl\u00e1lkoz\u00e1s seg\u00edthet abban, hogy az izmaid \u00e9s az idegrendszered harm\u00f3ni\u00e1ban m\u0171k\u00f6djenek. Pr\u00f3b\u00e1lj meg eg\u00e9szs\u00e9ges \u00e9teleket enni, amelyek sok feh\u00e9rj\u00e9t, rostot valamint vitaminokat tartalmaznak.<\/p>\n<ol start=\"4\">\n<li>\n<h5><strong>Pr\u00f3b\u00e1lj ki stresszkezel\u0151 technik\u00e1kat<\/strong><\/h5>\n<\/li>\n<\/ol>\n<p>Mint p\u00e9ld\u00e1ul a medit\u00e1ci\u00f3, a j\u00f3ga vagy a l\u00e9gz\u00e9sgyakorlatok, seg\u00edthetnek a stressz lek\u00fczd\u00e9s\u00e9ben \u00e9s az izmok ellaz\u00edt\u00e1s\u00e1ban.<\/p>\n<ol start=\"5\">\n<li>\n<h5><strong>Menj el szabads\u00e1gra<\/strong><\/h5>\n<\/li>\n<\/ol>\n<p>Az \u00fcnnepnapok \u00e9s a <a href=\"https:\/\/delego.hu\/en\/2023\/01\/04\/munkaszuneti-napok-2023-ban\/\">szabads\u00e1g<\/a>ok seg\u00edthetnek abban, hogy felt\u00f6lt\u0151dj \u00e9s k\u00e9s\u0151bb \u00fajult energi\u00e1val v\u00e1gj neki a munk\u00e1nak. Fontos, hogy ne dolgozz az \u00fcnnepnapokon, \u00e9s igyekezz a szabads\u00e1godat arra haszn\u00e1lni, hogy kikapcsol\u00f3dj \u00e9s pihenj.<\/p>\n<p>Ha siker\u00fcl odafigyelni a pihen\u00e9sre, akkor a munk\u00e1d hat\u00e9konyabb \u00e9s eg\u00e9szs\u00e9gesebb lesz. \ud83d\ude0a<\/p>\n<p>Amennyiben v\u00e1lt\u00e1son gondolkozn\u00e1l n\u00e9zz k\u00f6rbe <a href=\"http:\/\/hr.delegoallas.hu\/jobs?\">n\u00e1lunk<\/a>! \ud83d\ude0a<\/p>\n<p><a href=\"https:\/\/delego.hu\/en\/\">www.delego.hu<\/a><\/p>\n<p>&nbsp;<\/p>\n<p><em>G\u00e1bor S\u00e1ndor<\/em><\/p>","protected":false},"excerpt":{"rendered":"<p>Ha gy\u00e1rt\u00e1s\/termel\u00e9si ter\u00fclet\u00e9n dolgozol, val\u00f3sz\u00edn\u0171leg sokat tudsz arr\u00f3l, hogy milyen neh\u00e9z \u00e9s megterhel\u0151 lehet egy-egy h\u00faz\u00f3sabb munkanap. Az \u00e1lland\u00f3 fizikai ig\u00e9nybev\u00e9tel \u00e9s a munka\u00f3r\u00e1k hossz\u00fas\u00e1ga k\u00f6nnyen vezethet a kimer\u00fclts\u00e9ghez, k\u00e9s\u0151bb ki\u00e9g\u00e9shez. Fontos, hogy odafigyelj a pihen\u00e9sre \u00e9s a regener\u00e1l\u00f3d\u00e1sra, hogy a munk\u00e1d hat\u00e9konyabb, az \u00e9leted pedig eg\u00e9szs\u00e9gesebb legyen. A mai cikk\u00fcnkben err\u0151l lesz sz\u00f3! \ud83d\ude0a [&hellip;]<\/p>","protected":false},"author":1,"featured_media":670,"comment_status":"closed","ping_status":"open","sticky":false,"template":"","format":"standard","meta":{"_acf_changed":false,"footnotes":""},"categories":[10],"tags":[],"class_list":["post-657","post","type-post","status-publish","format-standard","has-post-thumbnail","hentry","category-hasznos-anyagok"],"acf":[],"yoast_head":"<!-- This site is optimized with the Yoast SEO plugin v25.3 - https:\/\/yoast.com\/wordpress\/plugins\/seo\/ -->\n<title>Mi\u00e9rt van sz\u00fcks\u00e9g\u00fcnk pihen\u00e9sre? - Delego<\/title>\n<meta name=\"robots\" content=\"index, follow, max-snippet:-1, max-image-preview:large, max-video-preview:-1\" \/>\n<link rel=\"canonical\" href=\"https:\/\/delego.hu\/en\/miert-van-szuksegunk-pihenesre\/\" \/>\n<meta property=\"og:locale\" content=\"en_GB\" \/>\n<meta property=\"og:type\" content=\"article\" \/>\n<meta property=\"og:title\" content=\"Mi\u00e9rt van sz\u00fcks\u00e9g\u00fcnk pihen\u00e9sre? - Delego\" \/>\n<meta property=\"og:description\" content=\"Ha gy\u00e1rt\u00e1s\/termel\u00e9si ter\u00fclet\u00e9n dolgozol, val\u00f3sz\u00edn\u0171leg sokat tudsz arr\u00f3l, hogy milyen neh\u00e9z \u00e9s megterhel\u0151 lehet egy-egy h\u00faz\u00f3sabb munkanap. Az \u00e1lland\u00f3 fizikai ig\u00e9nybev\u00e9tel \u00e9s a munka\u00f3r\u00e1k hossz\u00fas\u00e1ga k\u00f6nnyen vezethet a kimer\u00fclts\u00e9ghez, k\u00e9s\u0151bb ki\u00e9g\u00e9shez. Fontos, hogy odafigyelj a pihen\u00e9sre \u00e9s a regener\u00e1l\u00f3d\u00e1sra, hogy a munk\u00e1d hat\u00e9konyabb, az \u00e9leted pedig eg\u00e9szs\u00e9gesebb legyen. A mai cikk\u00fcnkben err\u0151l lesz sz\u00f3! \ud83d\ude0a [&hellip;]\" \/>\n<meta property=\"og:url\" content=\"https:\/\/delego.hu\/en\/miert-van-szuksegunk-pihenesre\/\" \/>\n<meta property=\"og:site_name\" content=\"Delego\" \/>\n<meta property=\"article:published_time\" content=\"2023-03-09T12:42:26+00:00\" \/>\n<meta property=\"article:modified_time\" content=\"2024-07-29T13:46:32+00:00\" \/>\n<meta property=\"og:image\" content=\"https:\/\/delego.hu\/wp-content\/uploads\/2024\/05\/pexels-ihsan-adityawarman-1056251-scaled-1.jpg\" \/>\n\t<meta property=\"og:image:width\" content=\"2560\" \/>\n\t<meta property=\"og:image:height\" content=\"1707\" \/>\n\t<meta property=\"og:image:type\" content=\"image\/jpeg\" \/>\n<meta name=\"author\" content=\"hello@adgo.hu\" \/>\n<meta name=\"twitter:card\" content=\"summary_large_image\" \/>\n<meta name=\"twitter:label1\" content=\"Written by\" \/>\n\t<meta name=\"twitter:data1\" content=\"hello@adgo.hu\" \/>\n\t<meta name=\"twitter:label2\" content=\"Estimated reading time\" \/>\n\t<meta name=\"twitter:data2\" content=\"3 minutes\" \/>\n<script type=\"application\/ld+json\" class=\"yoast-schema-graph\">{\"@context\":\"https:\/\/schema.org\",\"@graph\":[{\"@type\":\"Article\",\"@id\":\"https:\/\/delego.hu\/ko\/miert-van-szuksegunk-pihenesre\/#article\",\"isPartOf\":{\"@id\":\"https:\/\/delego.hu\/ko\/miert-van-szuksegunk-pihenesre\/\"},\"author\":{\"name\":\"hello@adgo.hu\",\"@id\":\"https:\/\/delego.hu\/ru\/#\/schema\/person\/cb9507edb777b15e5e21f07e92c1d551\"},\"headline\":\"Mi\u00e9rt van sz\u00fcks\u00e9g\u00fcnk pihen\u00e9sre?\",\"datePublished\":\"2023-03-09T12:42:26+00:00\",\"dateModified\":\"2024-07-29T13:46:32+00:00\",\"mainEntityOfPage\":{\"@id\":\"https:\/\/delego.hu\/ko\/miert-van-szuksegunk-pihenesre\/\"},\"wordCount\":537,\"publisher\":{\"@id\":\"https:\/\/delego.hu\/ru\/#organization\"},\"image\":{\"@id\":\"https:\/\/delego.hu\/ko\/miert-van-szuksegunk-pihenesre\/#primaryimage\"},\"thumbnailUrl\":\"https:\/\/delego.hu\/wp-content\/uploads\/2024\/05\/pexels-ihsan-adityawarman-1056251-scaled-1.jpg\",\"articleSection\":[\"hasznos anyagok\"],\"inLanguage\":\"en-GB\"},{\"@type\":\"WebPage\",\"@id\":\"https:\/\/delego.hu\/ko\/miert-van-szuksegunk-pihenesre\/\",\"url\":\"https:\/\/delego.hu\/ko\/miert-van-szuksegunk-pihenesre\/\",\"name\":\"Mi\u00e9rt van sz\u00fcks\u00e9g\u00fcnk pihen\u00e9sre? - Delego\",\"isPartOf\":{\"@id\":\"https:\/\/delego.hu\/ru\/#website\"},\"primaryImageOfPage\":{\"@id\":\"https:\/\/delego.hu\/ko\/miert-van-szuksegunk-pihenesre\/#primaryimage\"},\"image\":{\"@id\":\"https:\/\/delego.hu\/ko\/miert-van-szuksegunk-pihenesre\/#primaryimage\"},\"thumbnailUrl\":\"https:\/\/delego.hu\/wp-content\/uploads\/2024\/05\/pexels-ihsan-adityawarman-1056251-scaled-1.jpg\",\"datePublished\":\"2023-03-09T12:42:26+00:00\",\"dateModified\":\"2024-07-29T13:46:32+00:00\",\"breadcrumb\":{\"@id\":\"https:\/\/delego.hu\/ko\/miert-van-szuksegunk-pihenesre\/#breadcrumb\"},\"inLanguage\":\"en-GB\",\"potentialAction\":[{\"@type\":\"ReadAction\",\"target\":[\"https:\/\/delego.hu\/ko\/miert-van-szuksegunk-pihenesre\/\"]}]},{\"@type\":\"ImageObject\",\"inLanguage\":\"en-GB\",\"@id\":\"https:\/\/delego.hu\/ko\/miert-van-szuksegunk-pihenesre\/#primaryimage\",\"url\":\"https:\/\/delego.hu\/wp-content\/uploads\/2024\/05\/pexels-ihsan-adityawarman-1056251-scaled-1.jpg\",\"contentUrl\":\"https:\/\/delego.hu\/wp-content\/uploads\/2024\/05\/pexels-ihsan-adityawarman-1056251-scaled-1.jpg\",\"width\":2560,\"height\":1707,\"caption\":\"Az alv\u00e1s fontoss\u00e1ga\"},{\"@type\":\"BreadcrumbList\",\"@id\":\"https:\/\/delego.hu\/ko\/miert-van-szuksegunk-pihenesre\/#breadcrumb\",\"itemListElement\":[{\"@type\":\"ListItem\",\"position\":1,\"name\":\"Kezd\u0151lap\",\"item\":\"https:\/\/delego.hu\/hu\/\"},{\"@type\":\"ListItem\",\"position\":2,\"name\":\"Mi\u00e9rt van sz\u00fcks\u00e9g\u00fcnk pihen\u00e9sre?\"}]},{\"@type\":\"WebSite\",\"@id\":\"https:\/\/delego.hu\/ru\/#website\",\"url\":\"https:\/\/delego.hu\/ru\/\",\"name\":\"Delego\",\"description\":\"\",\"publisher\":{\"@id\":\"https:\/\/delego.hu\/ru\/#organization\"},\"potentialAction\":[{\"@type\":\"SearchAction\",\"target\":{\"@type\":\"EntryPoint\",\"urlTemplate\":\"https:\/\/delego.hu\/ru\/?s={search_term_string}\"},\"query-input\":{\"@type\":\"PropertyValueSpecification\",\"valueRequired\":true,\"valueName\":\"search_term_string\"}}],\"inLanguage\":\"en-GB\"},{\"@type\":\"Organization\",\"@id\":\"https:\/\/delego.hu\/ru\/#organization\",\"name\":\"Delego\",\"url\":\"https:\/\/delego.hu\/ru\/\",\"logo\":{\"@type\":\"ImageObject\",\"inLanguage\":\"en-GB\",\"@id\":\"https:\/\/delego.hu\/ru\/#\/schema\/logo\/image\/\",\"url\":\"https:\/\/delego.hu\/wp-content\/uploads\/2024\/07\/logodelego.png\",\"contentUrl\":\"https:\/\/delego.hu\/wp-content\/uploads\/2024\/07\/logodelego.png\",\"width\":117,\"height\":50,\"caption\":\"Delego\"},\"image\":{\"@id\":\"https:\/\/delego.hu\/ru\/#\/schema\/logo\/image\/\"}},{\"@type\":\"Person\",\"@id\":\"https:\/\/delego.hu\/ru\/#\/schema\/person\/cb9507edb777b15e5e21f07e92c1d551\",\"name\":\"hello@adgo.hu\",\"image\":{\"@type\":\"ImageObject\",\"inLanguage\":\"en-GB\",\"@id\":\"https:\/\/delego.hu\/ru\/#\/schema\/person\/image\/\",\"url\":\"https:\/\/secure.gravatar.com\/avatar\/a58524ee9079a1639e5acf69994c2b58f60dbab7e771ab829800f02cbfc8f006?s=96&d=mm&r=g\",\"contentUrl\":\"https:\/\/secure.gravatar.com\/avatar\/a58524ee9079a1639e5acf69994c2b58f60dbab7e771ab829800f02cbfc8f006?s=96&d=mm&r=g\",\"caption\":\"hello@adgo.hu\"},\"sameAs\":[\"http:\/\/delego.hu\"],\"url\":\"https:\/\/delego.hu\/en\/author\/helloadgo-hu\/\"}]}<\/script>\n<!-- \/ Yoast SEO plugin. -->","yoast_head_json":{"title":"Mi\u00e9rt van sz\u00fcks\u00e9g\u00fcnk pihen\u00e9sre? - Delego","robots":{"index":"index","follow":"follow","max-snippet":"max-snippet:-1","max-image-preview":"max-image-preview:large","max-video-preview":"max-video-preview:-1"},"canonical":"https:\/\/delego.hu\/en\/miert-van-szuksegunk-pihenesre\/","og_locale":"en_GB","og_type":"article","og_title":"Mi\u00e9rt van sz\u00fcks\u00e9g\u00fcnk pihen\u00e9sre? - Delego","og_description":"Ha gy\u00e1rt\u00e1s\/termel\u00e9si ter\u00fclet\u00e9n dolgozol, val\u00f3sz\u00edn\u0171leg sokat tudsz arr\u00f3l, hogy milyen neh\u00e9z \u00e9s megterhel\u0151 lehet egy-egy h\u00faz\u00f3sabb munkanap. Az \u00e1lland\u00f3 fizikai ig\u00e9nybev\u00e9tel \u00e9s a munka\u00f3r\u00e1k hossz\u00fas\u00e1ga k\u00f6nnyen vezethet a kimer\u00fclts\u00e9ghez, k\u00e9s\u0151bb ki\u00e9g\u00e9shez. Fontos, hogy odafigyelj a pihen\u00e9sre \u00e9s a regener\u00e1l\u00f3d\u00e1sra, hogy a munk\u00e1d hat\u00e9konyabb, az \u00e9leted pedig eg\u00e9szs\u00e9gesebb legyen. A mai cikk\u00fcnkben err\u0151l lesz sz\u00f3! \ud83d\ude0a [&hellip;]","og_url":"https:\/\/delego.hu\/en\/miert-van-szuksegunk-pihenesre\/","og_site_name":"Delego","article_published_time":"2023-03-09T12:42:26+00:00","article_modified_time":"2024-07-29T13:46:32+00:00","og_image":[{"width":2560,"height":1707,"url":"https:\/\/delego.hu\/wp-content\/uploads\/2024\/05\/pexels-ihsan-adityawarman-1056251-scaled-1.jpg","type":"image\/jpeg"}],"author":"hello@adgo.hu","twitter_card":"summary_large_image","twitter_misc":{"Written by":"hello@adgo.hu","Estimated reading time":"3 minutes"},"schema":{"@context":"https:\/\/schema.org","@graph":[{"@type":"Article","@id":"https:\/\/delego.hu\/ko\/miert-van-szuksegunk-pihenesre\/#article","isPartOf":{"@id":"https:\/\/delego.hu\/ko\/miert-van-szuksegunk-pihenesre\/"},"author":{"name":"hello@adgo.hu","@id":"https:\/\/delego.hu\/ru\/#\/schema\/person\/cb9507edb777b15e5e21f07e92c1d551"},"headline":"Mi\u00e9rt van sz\u00fcks\u00e9g\u00fcnk pihen\u00e9sre?","datePublished":"2023-03-09T12:42:26+00:00","dateModified":"2024-07-29T13:46:32+00:00","mainEntityOfPage":{"@id":"https:\/\/delego.hu\/ko\/miert-van-szuksegunk-pihenesre\/"},"wordCount":537,"publisher":{"@id":"https:\/\/delego.hu\/ru\/#organization"},"image":{"@id":"https:\/\/delego.hu\/ko\/miert-van-szuksegunk-pihenesre\/#primaryimage"},"thumbnailUrl":"https:\/\/delego.hu\/wp-content\/uploads\/2024\/05\/pexels-ihsan-adityawarman-1056251-scaled-1.jpg","articleSection":["hasznos anyagok"],"inLanguage":"en-GB"},{"@type":"WebPage","@id":"https:\/\/delego.hu\/ko\/miert-van-szuksegunk-pihenesre\/","url":"https:\/\/delego.hu\/ko\/miert-van-szuksegunk-pihenesre\/","name":"Mi\u00e9rt van sz\u00fcks\u00e9g\u00fcnk pihen\u00e9sre? - Delego","isPartOf":{"@id":"https:\/\/delego.hu\/ru\/#website"},"primaryImageOfPage":{"@id":"https:\/\/delego.hu\/ko\/miert-van-szuksegunk-pihenesre\/#primaryimage"},"image":{"@id":"https:\/\/delego.hu\/ko\/miert-van-szuksegunk-pihenesre\/#primaryimage"},"thumbnailUrl":"https:\/\/delego.hu\/wp-content\/uploads\/2024\/05\/pexels-ihsan-adityawarman-1056251-scaled-1.jpg","datePublished":"2023-03-09T12:42:26+00:00","dateModified":"2024-07-29T13:46:32+00:00","breadcrumb":{"@id":"https:\/\/delego.hu\/ko\/miert-van-szuksegunk-pihenesre\/#breadcrumb"},"inLanguage":"en-GB","potentialAction":[{"@type":"ReadAction","target":["https:\/\/delego.hu\/ko\/miert-van-szuksegunk-pihenesre\/"]}]},{"@type":"ImageObject","inLanguage":"en-GB","@id":"https:\/\/delego.hu\/ko\/miert-van-szuksegunk-pihenesre\/#primaryimage","url":"https:\/\/delego.hu\/wp-content\/uploads\/2024\/05\/pexels-ihsan-adityawarman-1056251-scaled-1.jpg","contentUrl":"https:\/\/delego.hu\/wp-content\/uploads\/2024\/05\/pexels-ihsan-adityawarman-1056251-scaled-1.jpg","width":2560,"height":1707,"caption":"Az alv\u00e1s fontoss\u00e1ga"},{"@type":"BreadcrumbList","@id":"https:\/\/delego.hu\/ko\/miert-van-szuksegunk-pihenesre\/#breadcrumb","itemListElement":[{"@type":"ListItem","position":1,"name":"Kezd\u0151lap","item":"https:\/\/delego.hu\/hu\/"},{"@type":"ListItem","position":2,"name":"Mi\u00e9rt van sz\u00fcks\u00e9g\u00fcnk pihen\u00e9sre?"}]},{"@type":"WebSite","@id":"https:\/\/delego.hu\/ru\/#website","url":"https:\/\/delego.hu\/ru\/","name":"Delego","description":"","publisher":{"@id":"https:\/\/delego.hu\/ru\/#organization"},"potentialAction":[{"@type":"SearchAction","target":{"@type":"EntryPoint","urlTemplate":"https:\/\/delego.hu\/ru\/?s={search_term_string}"},"query-input":{"@type":"PropertyValueSpecification","valueRequired":true,"valueName":"search_term_string"}}],"inLanguage":"en-GB"},{"@type":"Organization","@id":"https:\/\/delego.hu\/ru\/#organization","name":"Delego","url":"https:\/\/delego.hu\/ru\/","logo":{"@type":"ImageObject","inLanguage":"en-GB","@id":"https:\/\/delego.hu\/ru\/#\/schema\/logo\/image\/","url":"https:\/\/delego.hu\/wp-content\/uploads\/2024\/07\/logodelego.png","contentUrl":"https:\/\/delego.hu\/wp-content\/uploads\/2024\/07\/logodelego.png","width":117,"height":50,"caption":"Delego"},"image":{"@id":"https:\/\/delego.hu\/ru\/#\/schema\/logo\/image\/"}},{"@type":"Person","@id":"https:\/\/delego.hu\/ru\/#\/schema\/person\/cb9507edb777b15e5e21f07e92c1d551","name":"hello@adgo.hu","image":{"@type":"ImageObject","inLanguage":"en-GB","@id":"https:\/\/delego.hu\/ru\/#\/schema\/person\/image\/","url":"https:\/\/secure.gravatar.com\/avatar\/a58524ee9079a1639e5acf69994c2b58f60dbab7e771ab829800f02cbfc8f006?s=96&d=mm&r=g","contentUrl":"https:\/\/secure.gravatar.com\/avatar\/a58524ee9079a1639e5acf69994c2b58f60dbab7e771ab829800f02cbfc8f006?s=96&d=mm&r=g","caption":"hello@adgo.hu"},"sameAs":["http:\/\/delego.hu"],"url":"https:\/\/delego.hu\/en\/author\/helloadgo-hu\/"}]}},"_links":{"self":[{"href":"https:\/\/delego.hu\/en\/wp-json\/wp\/v2\/posts\/657","targetHints":{"allow":["GET"]}}],"collection":[{"href":"https:\/\/delego.hu\/en\/wp-json\/wp\/v2\/posts"}],"about":[{"href":"https:\/\/delego.hu\/en\/wp-json\/wp\/v2\/types\/post"}],"author":[{"embeddable":true,"href":"https:\/\/delego.hu\/en\/wp-json\/wp\/v2\/users\/1"}],"replies":[{"embeddable":true,"href":"https:\/\/delego.hu\/en\/wp-json\/wp\/v2\/comments?post=657"}],"version-history":[{"count":2,"href":"https:\/\/delego.hu\/en\/wp-json\/wp\/v2\/posts\/657\/revisions"}],"predecessor-version":[{"id":669,"href":"https:\/\/delego.hu\/en\/wp-json\/wp\/v2\/posts\/657\/revisions\/669"}],"wp:featuredmedia":[{"embeddable":true,"href":"https:\/\/delego.hu\/en\/wp-json\/wp\/v2\/media\/670"}],"wp:attachment":[{"href":"https:\/\/delego.hu\/en\/wp-json\/wp\/v2\/media?parent=657"}],"wp:term":[{"taxonomy":"category","embeddable":true,"href":"https:\/\/delego.hu\/en\/wp-json\/wp\/v2\/categories?post=657"},{"taxonomy":"post_tag","embeddable":true,"href":"https:\/\/delego.hu\/en\/wp-json\/wp\/v2\/tags?post=657"}],"curies":[{"name":"wp","href":"https:\/\/api.w.org\/{rel}","templated":true}]}}